{"id":1295,"date":"2010-02-07T20:14:51","date_gmt":"2010-02-07T20:14:51","guid":{"rendered":"http:\/\/tarimhaber.com\/?p=1295"},"modified":"2010-02-07T20:14:51","modified_gmt":"2010-02-07T20:14:51","slug":"tarim-bakanligi-sosyolog-alip-koye-gonderecek","status":"publish","type":"post","link":"https:\/\/tarimhaber.com\/?p=1295","title":{"rendered":"Tar\u0131m Bakanl\u0131\u011f\u0131 sosyolog al\u0131p k\u00f6ye g\u00f6nderecek"},"content":{"rendered":"<p>Tar\u0131m ve K\u00f6yi\u015fleri Bakan\u0131 Mehdi Eker, s\u00fcrpriz bir uygulamaya imza atarak bakanl\u0131kta \u201csosyolog\u201d g\u00f6revlendireceklerini a\u00e7\u0131klad\u0131.<\/p>\n<p>Eker, bakanl\u0131\u011f\u0131n\u0131n \u201cKoordinasyon\u201d toplant\u0131s\u0131nda bu plan\u0131n\u0131 a\u00e7\u0131klarken, personel ile ilgili i\u015f tan\u0131m\u0131nda g\u00fcn\u00fcn de\u011fi\u015fen ko\u015fullar\u0131na g\u00f6re yenilikler yap\u0131lmas\u0131 gerekti\u011fini bildirdi. Personelin verimli \u00e7al\u0131\u015fmas\u0131yla ilgili projeler geli\u015ftirilmesini isteyen Eker, \u2018maa\u015f art\u0131\u015f\u0131\u2019 d\u0131\u015f\u0131ndaki motivasyon art\u0131r\u0131c\u0131 unsurlar\u0131n hayata ge\u00e7irilmesinin, tar\u0131m\u0131 yenilik\u00e7i ve verimli normlara kavu\u015fturmaya katk\u0131 sa\u011flayaca\u011f\u0131n\u0131 vurgulad\u0131. \u201cMutsuz insan yapt\u0131\u011f\u0131 i\u015fin fiz\u0131b\u0131l olup olmad\u0131\u011f\u0131yla ilgilenmez\u201d diyen Eker, \u00e7a\u011fda\u015f \u00e7al\u0131\u015fma modellerinin bu beklentileri kar\u015f\u0131layaca\u011f\u0131n\u0131 savundu.<br \/>\nK\u00f6ye sosyolog gidecek<br \/>\nEker, \u015f\u00f6yle konu\u015ftu: \u201cBakanl\u0131\u011f\u0131m\u0131za \u00f6rne\u011fin harita m\u00fchendisi, hukuk\u00e7u ve hatta sosyolog al\u0131m\u0131n\u0131 ger\u00e7ekle\u015ftirmeliyiz. Sadece ziraat m\u00fchendisi ya da veteriner g\u00f6z\u00fcyle de\u011fil, farkl\u0131 alanlardan personelin g\u00f6z\u00fcyle saham\u0131za bakmam\u0131z, bize zenginlik katacak, hizmet kalitemizi y\u00fckseltecektir. Bu derece insan odakl\u0131 bir faaliyet alan\u0131 olan, tar\u0131mda, formasyonunu sosyal bilimler sahas\u0131nda alm\u0131\u015f personel bulunmal\u0131. K\u00f6y sosyolojisini, k\u0131rsal alan sosyolojisini bilen insanlar, modernle\u015fmenin insan ili\u015fkilerinde getirdi\u011fi yenilikleri \u2019okuyacak\u2019, insanlar\u0131m\u0131zla uyumda daha isabetli politikalar geli\u015ftirmemizde katk\u0131lar sa\u011flayacakt\u0131r. Pek \u00e7ok olumlu geli\u015fmeye ra\u011fmen tar\u0131mda yer yer m\u00fclkiyet sorunu ya\u015fan\u0131yor. Avukatlar, harita m\u00fchendisleri de, bu alandaki sorunlara \u00e7\u00f6z\u00fcm \u00fcretmede ciddi bir pay sahibi olabilir.\u201d<br \/>\nAya\u015f domatesi<br \/>\nEker, \u00e7a\u011f\u0131n sorunu \u201cyabanc\u0131la\u015fma\u201dya da \u015fu ilgin\u00e7 \u00e7\u00f6z\u00fcm\u00fc \u00f6nerdi: \u201cHobi bah\u00e7eleri ve benzeri d\u00fczenlemelerden, g\u00fcn\u00fcm\u00fcz insan\u0131n\u0131n toprakla ba\u011f\u0131n\u0131 yeniden tesis edebilmek i\u00e7in yararlanabiliriz. Vatanda\u015f, Aya\u015f domatesini eker. Ama\u00e7 ekonomik \u00fcretim de\u011fil, toprakla ili\u015fkisini devam ettirmesini sa\u011flamak olmal\u0131. \u2018Topraktan kopu\u015f\u2019 yaln\u0131zla\u015fmaya, yabanc\u0131la\u015fmaya, yol a\u00e7ar. Yabanc\u0131la\u015fmay\u0131 azaltmaya katk\u0131da bulunmal\u0131y\u0131z.\u201d<\/p>\n","protected":false},"excerpt":{"rendered":"<p>Tar\u0131m ve K\u00f6yi\u015fleri Bakan\u0131 Mehdi Eker, s\u00fcrpriz bir uygulamaya imza atarak bakanl\u0131kta \u201csosyolog\u201d g\u00f6revlendireceklerini a\u00e7\u0131klad\u0131. Eker, bakanl\u0131\u011f\u0131n\u0131n \u201cKoordinasyon\u201d toplant\u0131s\u0131nda bu plan\u0131n\u0131 a\u00e7\u0131klarken, personel ile ilgili i\u015f tan\u0131m\u0131nda g\u00fcn\u00fcn de\u011fi\u015fen ko\u015fullar\u0131na&hellip;<\/p>\n","protected":false},"author":1,"featured_media":0,"comment_status":"open","ping_status":"open","sticky":false,"template":"","format":"standard","meta":{"footnotes":""},"categories":[2],"tags":[],"class_list":["post-1295","post","type-post","status-publish","format-standard","hentry","category-tarimgentr"],"_links":{"self":[{"href":"https:\/\/tarimhaber.com\/index.php?rest_route=\/wp\/v2\/posts\/1295","targetHints":{"allow":["GET"]}}],"collection":[{"href":"https:\/\/tarimhaber.com\/index.php?rest_route=\/wp\/v2\/posts"}],"about":[{"href":"https:\/\/tarimhaber.com\/index.php?rest_route=\/wp\/v2\/types\/post"}],"author":[{"embeddable":true,"href":"https:\/\/tarimhaber.com\/index.php?rest_route=\/wp\/v2\/users\/1"}],"replies":[{"embeddable":true,"href":"https:\/\/tarimhaber.com\/index.php?rest_route=%2Fwp%2Fv2%2Fcomments&post=1295"}],"version-history":[{"count":0,"href":"https:\/\/tarimhaber.com\/index.php?rest_route=\/wp\/v2\/posts\/1295\/revisions"}],"wp:attachment":[{"href":"https:\/\/tarimhaber.com\/index.php?rest_route=%2Fwp%2Fv2%2Fmedia&parent=1295"}],"wp:term":[{"taxonomy":"category","embeddable":true,"href":"https:\/\/tarimhaber.com\/index.php?rest_route=%2Fwp%2Fv2%2Fcategories&post=1295"},{"taxonomy":"post_tag","embeddable":true,"href":"https:\/\/tarimhaber.com\/index.php?rest_route=%2Fwp%2Fv2%2Ftags&post=1295"}],"curies":[{"name":"wp","href":"https:\/\/api.w.org\/{rel}","templated":true}]}}