{"id":1298,"date":"2010-02-11T21:39:01","date_gmt":"2010-02-11T21:39:01","guid":{"rendered":"http:\/\/tarimhaber.com\/?p=1298"},"modified":"2010-02-11T21:39:01","modified_gmt":"2010-02-11T21:39:01","slug":"tarim-teskilatlarina-sosyolog-atanacak","status":"publish","type":"post","link":"https:\/\/tarimhaber.com\/?p=1298","title":{"rendered":"TARIM TE\u015eK\u0130LATLARINA SOSYOLOG ATANACAK"},"content":{"rendered":"<p>Eker: T\u00fcrkiye g\u0131da maddelerinde ihracat\u00e7\u0131d\u0131r, ithalat\u00e7\u0131 de\u011fil<br \/>\nTar\u0131m ve K\u00f6yi\u015fleri Bakan\u0131 Mehmet Mehdi Eker, bu y\u0131l i\u00e7inde 81 ildeki Tar\u0131m ve K\u00f6yi\u015fleri Bakanl\u0131\u011f\u0131 te\u015fkilat\u0131na birer sosyolog atayacaklar\u0131n\u0131 a\u00e7\u0131klad\u0131.<br \/>\n Eker, Active Academy taraf\u0131ndan Rixos Grand Ankara Otelinde d\u00fczenlenen \u201c2. Tar\u0131m Zirvesi\u201dnde yapt\u0131\u011f\u0131 konu\u015fmada, Tar\u0131m ve K\u00f6yi\u015fleri Bakanl\u0131\u011f\u0131n\u0131n sekt\u00f6r\u00fcn geli\u015ftirilmesi i\u00e7in yapt\u0131\u011f\u0131 ve yapaca\u011f\u0131 projeleri anlatt\u0131.<br \/>\n Tar\u0131m\u0131 bir sekt\u00f6r olarak g\u00f6rd\u00fcklerini ve bu nedenle tar\u0131ma stratejik bir bak\u0131\u015f a\u00e7\u0131s\u0131yla bakt\u0131klar\u0131n\u0131 ifade eden Eker, projeleri de bu bak\u0131\u015f a\u00e7\u0131s\u0131yla ger\u00e7ekle\u015ftirdiklerini bildirdi. Eker, bu \u00e7er\u00e7evede tarihte olmad\u0131\u011f\u0131 kadar mevzuat haz\u0131rland\u0131\u011f\u0131n\u0131 ve bunlardan sadece 12 tanesinin tar\u0131mda temel kanunlar oldu\u011funu kaydetti. Tar\u0131m Sigortalar\u0131 Kanunun da bunlardan biri oldu\u011funu belirten Eker, \u201cBug\u00fcnlerde yine g\u00fcndemde olan bu konuda ne kadar isabetli karar ald\u0131\u011f\u0131m\u0131z\u0131 g\u00f6r\u00fcyorum\u201d dedi.<\/p>\n","protected":false},"excerpt":{"rendered":"<p>Eker: T\u00fcrkiye g\u0131da maddelerinde ihracat\u00e7\u0131d\u0131r, ithalat\u00e7\u0131 de\u011fil Tar\u0131m ve K\u00f6yi\u015fleri Bakan\u0131 Mehmet Mehdi Eker, bu y\u0131l i\u00e7inde 81 ildeki Tar\u0131m ve K\u00f6yi\u015fleri Bakanl\u0131\u011f\u0131 te\u015fkilat\u0131na birer sosyolog atayacaklar\u0131n\u0131 a\u00e7\u0131klad\u0131. Eker, Active&hellip;<\/p>\n","protected":false},"author":1,"featured_media":0,"comment_status":"open","ping_status":"open","sticky":false,"template":"","format":"standard","meta":{"footnotes":""},"categories":[2],"tags":[],"class_list":["post-1298","post","type-post","status-publish","format-standard","hentry","category-tarimgentr"],"_links":{"self":[{"href":"https:\/\/tarimhaber.com\/index.php?rest_route=\/wp\/v2\/posts\/1298","targetHints":{"allow":["GET"]}}],"collection":[{"href":"https:\/\/tarimhaber.com\/index.php?rest_route=\/wp\/v2\/posts"}],"about":[{"href":"https:\/\/tarimhaber.com\/index.php?rest_route=\/wp\/v2\/types\/post"}],"author":[{"embeddable":true,"href":"https:\/\/tarimhaber.com\/index.php?rest_route=\/wp\/v2\/users\/1"}],"replies":[{"embeddable":true,"href":"https:\/\/tarimhaber.com\/index.php?rest_route=%2Fwp%2Fv2%2Fcomments&post=1298"}],"version-history":[{"count":0,"href":"https:\/\/tarimhaber.com\/index.php?rest_route=\/wp\/v2\/posts\/1298\/revisions"}],"wp:attachment":[{"href":"https:\/\/tarimhaber.com\/index.php?rest_route=%2Fwp%2Fv2%2Fmedia&parent=1298"}],"wp:term":[{"taxonomy":"category","embeddable":true,"href":"https:\/\/tarimhaber.com\/index.php?rest_route=%2Fwp%2Fv2%2Fcategories&post=1298"},{"taxonomy":"post_tag","embeddable":true,"href":"https:\/\/tarimhaber.com\/index.php?rest_route=%2Fwp%2Fv2%2Ftags&post=1298"}],"curies":[{"name":"wp","href":"https:\/\/api.w.org\/{rel}","templated":true}]}}