{"id":1302,"date":"2010-02-24T15:47:11","date_gmt":"2010-02-24T15:47:11","guid":{"rendered":"http:\/\/tarimhaber.com\/?p=1302"},"modified":"2010-02-24T15:47:11","modified_gmt":"2010-02-24T15:47:11","slug":"konya-seker-turkiyenin-yuz-aki","status":"publish","type":"post","link":"https:\/\/tarimhaber.com\/?p=1302","title":{"rendered":"Konya \u015eeker T\u00fcrkiye&#8217;nin y\u00fcz ak\u0131"},"content":{"rendered":"<p>Konya \u015eeker\u2019in \u00e7ok \u00f6nemli projelerinden birisini olu\u015fturan \u00c7umra \u015eeker Kamp\u00fcs\u00fc\u2019n\u00fc ziyaret eden ve yat\u0131r\u0131mlar\u0131 yerinde g\u00f6ren Tar\u0131m Bakan\u0131 Mehdi Eker, \u00c7umra \u015eeker\u2019in T\u00fcrkiye\u2019nin y\u00fcz ak\u0131 projelerinden birisi oldu\u011funu belirterek, \u201cB\u00f6yle bir projeyi \u00fclke ekonomisine kazand\u0131rd\u0131klar\u0131 i\u00e7in Say\u0131n Recep Konuk\u2019a te\u015fekk\u00fcr ediyorum\u201d dedi.<\/p>\n","protected":false},"excerpt":{"rendered":"<p>Konya \u015eeker\u2019in \u00e7ok \u00f6nemli projelerinden birisini olu\u015fturan \u00c7umra \u015eeker Kamp\u00fcs\u00fc\u2019n\u00fc ziyaret eden ve yat\u0131r\u0131mlar\u0131 yerinde g\u00f6ren Tar\u0131m Bakan\u0131 Mehdi Eker, \u00c7umra \u015eeker\u2019in T\u00fcrkiye\u2019nin y\u00fcz ak\u0131 projelerinden birisi oldu\u011funu belirterek, \u201cB\u00f6yle&hellip;<\/p>\n","protected":false},"author":1,"featured_media":0,"comment_status":"open","ping_status":"open","sticky":false,"template":"","format":"standard","meta":{"footnotes":""},"categories":[2],"tags":[],"class_list":["post-1302","post","type-post","status-publish","format-standard","hentry","category-tarimgentr"],"_links":{"self":[{"href":"https:\/\/tarimhaber.com\/index.php?rest_route=\/wp\/v2\/posts\/1302","targetHints":{"allow":["GET"]}}],"collection":[{"href":"https:\/\/tarimhaber.com\/index.php?rest_route=\/wp\/v2\/posts"}],"about":[{"href":"https:\/\/tarimhaber.com\/index.php?rest_route=\/wp\/v2\/types\/post"}],"author":[{"embeddable":true,"href":"https:\/\/tarimhaber.com\/index.php?rest_route=\/wp\/v2\/users\/1"}],"replies":[{"embeddable":true,"href":"https:\/\/tarimhaber.com\/index.php?rest_route=%2Fwp%2Fv2%2Fcomments&post=1302"}],"version-history":[{"count":0,"href":"https:\/\/tarimhaber.com\/index.php?rest_route=\/wp\/v2\/posts\/1302\/revisions"}],"wp:attachment":[{"href":"https:\/\/tarimhaber.com\/index.php?rest_route=%2Fwp%2Fv2%2Fmedia&parent=1302"}],"wp:term":[{"taxonomy":"category","embeddable":true,"href":"https:\/\/tarimhaber.com\/index.php?rest_route=%2Fwp%2Fv2%2Fcategories&post=1302"},{"taxonomy":"post_tag","embeddable":true,"href":"https:\/\/tarimhaber.com\/index.php?rest_route=%2Fwp%2Fv2%2Ftags&post=1302"}],"curies":[{"name":"wp","href":"https:\/\/api.w.org\/{rel}","templated":true}]}}