{"id":1304,"date":"2010-03-22T22:20:32","date_gmt":"2010-03-22T22:20:32","guid":{"rendered":"http:\/\/tarimhaber.com\/?p=1304"},"modified":"2010-03-22T22:20:32","modified_gmt":"2010-03-22T22:20:32","slug":"gonullu-mufettisler-goreve-hazir","status":"publish","type":"post","link":"https:\/\/tarimhaber.com\/?p=1304","title":{"rendered":"G\u00f6n\u00fcll\u00fc m\u00fcfetti\u015fler g\u00f6reve haz\u0131r"},"content":{"rendered":"<p>Ayd\u0131n Valili\u011fi taraf\u0131ndan ba\u015flat\u0131lan &#8216;G\u00f6n\u00fcll\u00fc G\u0131da M\u00fcfetti\u015fli\u011fi Projesi&#8217; kapsam\u0131nda, G\u00f6n\u00fcll\u00fc G\u0131da M\u00fcfetti\u015fi olmaya hak kazanan 90 ki\u015fiye, kimlik kartlar\u0131 d\u00fczenlenen t\u00f6renle verildi. Ayd\u0131n K\u00fclt\u00fcr Merkezi&#8217;nde d\u00fczenlenen t\u00f6rende konu\u015fan Ayd\u0131n Valisi H\u00fcseyin Avni Co\u015f, g\u0131da g\u00fcvenli\u011finin ne kadar \u00f6nemli oldu\u011funu herkesin bildi\u011fini belirterek, &#8216;G\u00f6n\u00fcll\u00fc G\u0131da M\u00fcfetti\u015fli\u011fi Projesi&#8217;nin T\u00fcrkiye&#8217;de ilk defa Ayd\u0131n&#8217;da ba\u015flat\u0131ld\u0131\u011f\u0131n\u0131 s\u00f6yledi. Proje sayesinde &#8216;Ayd\u0131n&#8217;da \u00fcretilen g\u0131da muhakkak denetlenmi\u015ftir, muhakkak yerlidir&#8217; anlay\u0131\u015f\u0131n\u0131 yerle\u015ftireceklerini ifade eden Co\u015f, \u015f\u00f6yle konu\u015ftu: \u201cBu proje, b\u00f6lgeye ve T\u00fcrkiye&#8217;ye y\u00f6nelik g\u0131da \u00fcreten firmalar\u0131m\u0131z i\u00e7in de bir g\u00fcven unsuru olacakt\u0131r. Katk\u0131 getirecektir. Onlar\u0131n pazardaki konumlar\u0131n\u0131 g\u00fc\u00e7lendirecektir. Hi\u00e7 kimseden \u00f6zel bir \u015fey istemiyoruz. Herkesten uymas\u0131 gereken yasal y\u00fck\u00fcml\u00fcl\u00fckleri yerine getirmesini istiyoruz. Bu \u015fartlar \u00e7er\u00e7evesinde g\u0131da \u00fcreten ve satan yerler olarak \u00e7al\u0131\u015fmalar\u0131n\u0131 arzu ediyoruz.\u201d<\/p>\n","protected":false},"excerpt":{"rendered":"<p>Ayd\u0131n Valili\u011fi taraf\u0131ndan ba\u015flat\u0131lan &#8216;G\u00f6n\u00fcll\u00fc G\u0131da M\u00fcfetti\u015fli\u011fi Projesi&#8217; kapsam\u0131nda, G\u00f6n\u00fcll\u00fc G\u0131da M\u00fcfetti\u015fi olmaya hak kazanan 90 ki\u015fiye, kimlik kartlar\u0131 d\u00fczenlenen t\u00f6renle verildi. Ayd\u0131n K\u00fclt\u00fcr Merkezi&#8217;nde d\u00fczenlenen t\u00f6rende konu\u015fan Ayd\u0131n Valisi&hellip;<\/p>\n","protected":false},"author":1,"featured_media":0,"comment_status":"open","ping_status":"open","sticky":false,"template":"","format":"standard","meta":{"footnotes":""},"categories":[2],"tags":[2311],"class_list":["post-1304","post","type-post","status-publish","format-standard","hentry","category-tarimgentr","tag-http-www-hurriyet-com-tr-ekonomi-14181444-asp"],"_links":{"self":[{"href":"https:\/\/tarimhaber.com\/index.php?rest_route=\/wp\/v2\/posts\/1304","targetHints":{"allow":["GET"]}}],"collection":[{"href":"https:\/\/tarimhaber.com\/index.php?rest_route=\/wp\/v2\/posts"}],"about":[{"href":"https:\/\/tarimhaber.com\/index.php?rest_route=\/wp\/v2\/types\/post"}],"author":[{"embeddable":true,"href":"https:\/\/tarimhaber.com\/index.php?rest_route=\/wp\/v2\/users\/1"}],"replies":[{"embeddable":true,"href":"https:\/\/tarimhaber.com\/index.php?rest_route=%2Fwp%2Fv2%2Fcomments&post=1304"}],"version-history":[{"count":0,"href":"https:\/\/tarimhaber.com\/index.php?rest_route=\/wp\/v2\/posts\/1304\/revisions"}],"wp:attachment":[{"href":"https:\/\/tarimhaber.com\/index.php?rest_route=%2Fwp%2Fv2%2Fmedia&parent=1304"}],"wp:term":[{"taxonomy":"category","embeddable":true,"href":"https:\/\/tarimhaber.com\/index.php?rest_route=%2Fwp%2Fv2%2Fcategories&post=1304"},{"taxonomy":"post_tag","embeddable":true,"href":"https:\/\/tarimhaber.com\/index.php?rest_route=%2Fwp%2Fv2%2Ftags&post=1304"}],"curies":[{"name":"wp","href":"https:\/\/api.w.org\/{rel}","templated":true}]}}