{"id":1305,"date":"2010-03-22T22:20:32","date_gmt":"2010-03-22T22:20:32","guid":{"rendered":"http:\/\/tarimhaber.com\/?p=1305"},"modified":"2010-03-22T22:20:32","modified_gmt":"2010-03-22T22:20:32","slug":"tagem-proje-toplantisi-atbda-yapildi","status":"publish","type":"post","link":"https:\/\/tarimhaber.com\/?p=1305","title":{"rendered":"Tagem Proje Toplant\u0131s\u0131 Atb&#8217;da Yap\u0131ld\u0131"},"content":{"rendered":"<p>Antalya Ticaret Borsas\u0131 toplant\u0131 salonunda d\u00fczenlenen TAGEM Proje Toplant\u0131s\u0131&#8217;na Tar\u0131m ve K\u00f6yi\u015fleri Bakanl\u0131\u011f\u0131 Tar\u0131msal Ara\u015ft\u0131rmalar Genel M\u00fcd\u00fcr\u00fc Do\u00e7. Dr. Masum Burak, Tar\u0131m \u0130l M\u00fcd\u00fcr\u00fc Bedrullah Er\u00e7in, Bat\u0131 Akdeniz Tar\u0131msal Ara\u015ft\u0131rma Enstit\u00fcs\u00fc (BATEM) M\u00fcd\u00fcr\u00fc Suat Y\u0131lmaz, Antalya Ticaret Borsas\u0131 Ba\u015fkan\u0131 Ali \u00c7and\u0131r ile akademisyenler kat\u0131ld\u0131. Toplant\u0131da sunum yapan Akdeniz \u00dcniversitesi \u0130ktisadi ve \u0130dari Bilimler Fak\u00fcltesi \u00d6\u011fretim \u00dcyesi Prof. Dr. Orhan Kuru\u00fcz\u00fcm, TAGEM sponsorlu\u011funda y\u00fcr\u00fct\u00fclen &#8216;Defne, kekik ve ada\u00e7ay\u0131n\u0131n hasat ve hasat sonras\u0131 i\u015flemlerde verim kayb\u0131n\u0131 azaltma projesi&#8217; hakk\u0131nda bilgi verdi. Prof. Dr. Orhan Kuru\u00fcz\u00fcm, proje \u00e7er\u00e7evesinde Gazipa\u015fa, Alanya, Manavgat&#8217;ta \u00e7ift\u00e7i e\u011fitimlerine ba\u015flad\u0131klar\u0131n\u0131 kaydetti. S\u00f6zkonusu \u00fcr\u00fcnlerin hasad\u0131 yap\u0131l\u0131rken verim kayb\u0131na u\u011frat\u0131ld\u0131\u011f\u0131n\u0131 vurgulayan Kuru\u00fcz\u00fcm, &#8221;Kekik, ada\u00e7ay\u0131 ve defnenin hasad\u0131n\u0131n do\u011fru \u015fekilde yap\u0131lmas\u0131 i\u00e7in \u00e7ift\u00e7i ailelerin e\u011fitimine ba\u015flayaca\u011f\u0131z. E\u011fitimler nisan ay\u0131nda ba\u015flayacak. \u0130lk etapta Alanya&#8217;da 5 \u00e7ift\u00e7i aile 30 saat s\u00fcren e\u011fitimden ge\u00e7irilecek. Toplamda ise 20 k\u00f6yde ya\u015fayan ve bu bitkilerin hasad\u0131n\u0131 yapan aileleri e\u011fitimden ge\u00e7irece\u011fiz diye konu\u015ftu<\/p>\n","protected":false},"excerpt":{"rendered":"<p>Antalya Ticaret Borsas\u0131 toplant\u0131 salonunda d\u00fczenlenen TAGEM Proje Toplant\u0131s\u0131&#8217;na Tar\u0131m ve K\u00f6yi\u015fleri Bakanl\u0131\u011f\u0131 Tar\u0131msal Ara\u015ft\u0131rmalar Genel M\u00fcd\u00fcr\u00fc Do\u00e7. Dr. Masum Burak, Tar\u0131m \u0130l M\u00fcd\u00fcr\u00fc Bedrullah Er\u00e7in, Bat\u0131 Akdeniz Tar\u0131msal Ara\u015ft\u0131rma&hellip;<\/p>\n","protected":false},"author":1,"featured_media":0,"comment_status":"open","ping_status":"open","sticky":false,"template":"","format":"standard","meta":{"footnotes":""},"categories":[2],"tags":[597],"class_list":["post-1305","post","type-post","status-publish","format-standard","hentry","category-tarimgentr","tag-http-www-beyazgazete-com-haber-2010-03-22-tagem-proje-toplantisi-atb-da-yapildi-html"],"_links":{"self":[{"href":"https:\/\/tarimhaber.com\/index.php?rest_route=\/wp\/v2\/posts\/1305","targetHints":{"allow":["GET"]}}],"collection":[{"href":"https:\/\/tarimhaber.com\/index.php?rest_route=\/wp\/v2\/posts"}],"about":[{"href":"https:\/\/tarimhaber.com\/index.php?rest_route=\/wp\/v2\/types\/post"}],"author":[{"embeddable":true,"href":"https:\/\/tarimhaber.com\/index.php?rest_route=\/wp\/v2\/users\/1"}],"replies":[{"embeddable":true,"href":"https:\/\/tarimhaber.com\/index.php?rest_route=%2Fwp%2Fv2%2Fcomments&post=1305"}],"version-history":[{"count":0,"href":"https:\/\/tarimhaber.com\/index.php?rest_route=\/wp\/v2\/posts\/1305\/revisions"}],"wp:attachment":[{"href":"https:\/\/tarimhaber.com\/index.php?rest_route=%2Fwp%2Fv2%2Fmedia&parent=1305"}],"wp:term":[{"taxonomy":"category","embeddable":true,"href":"https:\/\/tarimhaber.com\/index.php?rest_route=%2Fwp%2Fv2%2Fcategories&post=1305"},{"taxonomy":"post_tag","embeddable":true,"href":"https:\/\/tarimhaber.com\/index.php?rest_route=%2Fwp%2Fv2%2Ftags&post=1305"}],"curies":[{"name":"wp","href":"https:\/\/api.w.org\/{rel}","templated":true}]}}