{"id":1307,"date":"2010-03-22T22:20:32","date_gmt":"2010-03-22T22:20:32","guid":{"rendered":"http:\/\/tarimhaber.com\/?p=1307"},"modified":"2010-03-22T22:20:32","modified_gmt":"2010-03-22T22:20:32","slug":"tarim-paneline-ciftciler-ilgi-gosterdi","status":"publish","type":"post","link":"https:\/\/tarimhaber.com\/?p=1307","title":{"rendered":"Tar\u0131m Paneline \u00c7ift\u00e7iler \u0130lgi G\u00f6sterdi"},"content":{"rendered":"<p>T\u00fcrkiye Teknik Elemanlar Vakf\u0131 K\u0131r\u015fehir \u015eubesi organizasyonunda Tar\u0131m \u0130l M\u00fcd\u00fcrl\u00fc\u011f\u00fc i\u015fbirli\u011fi ile K\u00fcresel \u0130klim De\u011fi\u015fikli\u011fine Ba\u011fl\u0131 S\u00fcrd\u00fcr\u00fclebilir Tar\u0131m konulu panel yap\u0131ld\u0131. \u0130l K\u00fclt\u00fcr M\u00fcd\u00fcrl\u00fc\u011f\u00fc Konferans Salonunda ger\u00e7ekle\u015ftirilen panele \u00f6zellikle \u00e7ift\u00e7iler yo\u011fun ilgi g\u00f6sterdi. Programda T\u00dcTEV K\u0131r\u015fehir \u015eubesi Ba\u015fkan\u0131 Ramazan Uzun&#8217;un a\u00e7\u0131l\u0131\u015f konu\u015fmas\u0131n\u0131n ard\u0131ndan \u00d6nder \u00c7ift\u00e7i Kadir Alt\u0131n ve Tar\u0131m \u0130l M\u00fcd\u00fcr\u00fc \u00d6mer \u015eim\u015fek birer konu\u015fma yapt\u0131lar. Konu\u015fmalar\u0131n sonras\u0131nda iki oturum halinde ger\u00e7ekle\u015ftirilen paneli Oturum Ba\u015fkan\u0131 olarak Erciyes \u00dcniversitesi Ziraat Fak\u00fcltesi Tarla Bitkileri B\u00f6l\u00fcm Ba\u015fkan\u0131 Prof.Dr. Yunus Serin y\u00f6netti. Panelde ilk sunumu Oturum Ba\u015fkan\u0131 Prof.Dr. Yunus Serin, \u0130klim De\u011fi\u015fikliklerine Ba\u011fl\u0131 Olarak Ekim N\u00f6beti Sistemleri konusunda yapt\u0131.<\/p>\n","protected":false},"excerpt":{"rendered":"<p>T\u00fcrkiye Teknik Elemanlar Vakf\u0131 K\u0131r\u015fehir \u015eubesi organizasyonunda Tar\u0131m \u0130l M\u00fcd\u00fcrl\u00fc\u011f\u00fc i\u015fbirli\u011fi ile K\u00fcresel \u0130klim De\u011fi\u015fikli\u011fine Ba\u011fl\u0131 S\u00fcrd\u00fcr\u00fclebilir Tar\u0131m konulu panel yap\u0131ld\u0131. \u0130l K\u00fclt\u00fcr M\u00fcd\u00fcrl\u00fc\u011f\u00fc Konferans Salonunda ger\u00e7ekle\u015ftirilen panele \u00f6zellikle \u00e7ift\u00e7iler&hellip;<\/p>\n","protected":false},"author":1,"featured_media":0,"comment_status":"open","ping_status":"open","sticky":false,"template":"","format":"standard","meta":{"footnotes":""},"categories":[2],"tags":[1976],"class_list":["post-1307","post","type-post","status-publish","format-standard","hentry","category-tarimgentr","tag-http-www-haberler-com-tarim-paneline-ciftciler-ilgi-gosterdi-haberi-1966517"],"_links":{"self":[{"href":"https:\/\/tarimhaber.com\/index.php?rest_route=\/wp\/v2\/posts\/1307","targetHints":{"allow":["GET"]}}],"collection":[{"href":"https:\/\/tarimhaber.com\/index.php?rest_route=\/wp\/v2\/posts"}],"about":[{"href":"https:\/\/tarimhaber.com\/index.php?rest_route=\/wp\/v2\/types\/post"}],"author":[{"embeddable":true,"href":"https:\/\/tarimhaber.com\/index.php?rest_route=\/wp\/v2\/users\/1"}],"replies":[{"embeddable":true,"href":"https:\/\/tarimhaber.com\/index.php?rest_route=%2Fwp%2Fv2%2Fcomments&post=1307"}],"version-history":[{"count":0,"href":"https:\/\/tarimhaber.com\/index.php?rest_route=\/wp\/v2\/posts\/1307\/revisions"}],"wp:attachment":[{"href":"https:\/\/tarimhaber.com\/index.php?rest_route=%2Fwp%2Fv2%2Fmedia&parent=1307"}],"wp:term":[{"taxonomy":"category","embeddable":true,"href":"https:\/\/tarimhaber.com\/index.php?rest_route=%2Fwp%2Fv2%2Fcategories&post=1307"},{"taxonomy":"post_tag","embeddable":true,"href":"https:\/\/tarimhaber.com\/index.php?rest_route=%2Fwp%2Fv2%2Ftags&post=1307"}],"curies":[{"name":"wp","href":"https:\/\/api.w.org\/{rel}","templated":true}]}}