{"id":1354,"date":"2010-03-24T22:20:32","date_gmt":"2010-03-24T22:20:32","guid":{"rendered":"http:\/\/tarimhaber.com\/?p=1354"},"modified":"2010-03-24T22:20:32","modified_gmt":"2010-03-24T22:20:32","slug":"konyada-organik-tarim-pazari-kuruluyor-2","status":"publish","type":"post","link":"https:\/\/tarimhaber.com\/?p=1354","title":{"rendered":"Konya`da organik tar\u0131m pazar\u0131 kuruluyor"},"content":{"rendered":"<p>Konya \u0130l Genel Meclis Ba\u015fkan\u0131 Ali Selvi, \u00e7ift\u00e7inin daha \u00e7ok gelir getiren organik tar\u0131ma y\u00f6nlendi\u011fini s\u00f6yledi. Ba\u015fkan Selvi, meclis olarak organik tar\u0131m &#8230;<\/p>\n","protected":false},"excerpt":{"rendered":"<p>Konya \u0130l Genel Meclis Ba\u015fkan\u0131 Ali Selvi, \u00e7ift\u00e7inin daha \u00e7ok gelir getiren organik tar\u0131ma y\u00f6nlendi\u011fini s\u00f6yledi. Ba\u015fkan Selvi, meclis olarak organik tar\u0131m &#8230;<\/p>\n","protected":false},"author":1,"featured_media":0,"comment_status":"open","ping_status":"open","sticky":false,"template":"","format":"standard","meta":{"footnotes":""},"categories":[2],"tags":[3566],"class_list":["post-1354","post","type-post","status-publish","format-standard","hentry","category-tarimgentr","tag-http-www-zaman-com-tr-haber-dohaberno965271titlekonyada-organik-tarim-pazari-kuruluyor"],"_links":{"self":[{"href":"https:\/\/tarimhaber.com\/index.php?rest_route=\/wp\/v2\/posts\/1354","targetHints":{"allow":["GET"]}}],"collection":[{"href":"https:\/\/tarimhaber.com\/index.php?rest_route=\/wp\/v2\/posts"}],"about":[{"href":"https:\/\/tarimhaber.com\/index.php?rest_route=\/wp\/v2\/types\/post"}],"author":[{"embeddable":true,"href":"https:\/\/tarimhaber.com\/index.php?rest_route=\/wp\/v2\/users\/1"}],"replies":[{"embeddable":true,"href":"https:\/\/tarimhaber.com\/index.php?rest_route=%2Fwp%2Fv2%2Fcomments&post=1354"}],"version-history":[{"count":0,"href":"https:\/\/tarimhaber.com\/index.php?rest_route=\/wp\/v2\/posts\/1354\/revisions"}],"wp:attachment":[{"href":"https:\/\/tarimhaber.com\/index.php?rest_route=%2Fwp%2Fv2%2Fmedia&parent=1354"}],"wp:term":[{"taxonomy":"category","embeddable":true,"href":"https:\/\/tarimhaber.com\/index.php?rest_route=%2Fwp%2Fv2%2Fcategories&post=1354"},{"taxonomy":"post_tag","embeddable":true,"href":"https:\/\/tarimhaber.com\/index.php?rest_route=%2Fwp%2Fv2%2Ftags&post=1354"}],"curies":[{"name":"wp","href":"https:\/\/api.w.org\/{rel}","templated":true}]}}