{"id":1357,"date":"2010-03-24T17:37:25","date_gmt":"2010-03-24T17:37:25","guid":{"rendered":"http:\/\/tarimhaber.com\/?p=1357"},"modified":"2010-03-24T17:37:25","modified_gmt":"2010-03-24T17:37:25","slug":"15-bin-kapari-dikildi","status":"publish","type":"post","link":"https:\/\/tarimhaber.com\/?p=1357","title":{"rendered":"15 bin kapari dikildi"},"content":{"rendered":"<p>T\u00f6rene Simav Kaymakam\u0131 Cengiz Horozo\u011flu, Simav Belediye Ba\u015fkan\u0131 Kas\u0131m Karahan, \u0130l\u00e7e Tar\u0131m M\u00fcd\u00fcr\u00fc Ali Ceylan, Sosyal Yard\u0131mla\u015fma ve Dayan\u0131\u015fma Vakf\u0131 (SYDV) &#8230;<\/p>\n","protected":false},"excerpt":{"rendered":"<p>T\u00f6rene Simav Kaymakam\u0131 Cengiz Horozo\u011flu, Simav Belediye Ba\u015fkan\u0131 Kas\u0131m Karahan, \u0130l\u00e7e Tar\u0131m M\u00fcd\u00fcr\u00fc Ali Ceylan, Sosyal Yard\u0131mla\u015fma ve Dayan\u0131\u015fma Vakf\u0131 (SYDV) &#8230;<\/p>\n","protected":false},"author":1,"featured_media":0,"comment_status":"open","ping_status":"open","sticky":false,"template":"","format":"standard","meta":{"footnotes":""},"categories":[2],"tags":[498],"class_list":["post-1357","post","type-post","status-publish","format-standard","hentry","category-tarimgentr","tag-http-www-akisgazetesi-com-tr-read_detail-phpid4373"],"_links":{"self":[{"href":"https:\/\/tarimhaber.com\/index.php?rest_route=\/wp\/v2\/posts\/1357","targetHints":{"allow":["GET"]}}],"collection":[{"href":"https:\/\/tarimhaber.com\/index.php?rest_route=\/wp\/v2\/posts"}],"about":[{"href":"https:\/\/tarimhaber.com\/index.php?rest_route=\/wp\/v2\/types\/post"}],"author":[{"embeddable":true,"href":"https:\/\/tarimhaber.com\/index.php?rest_route=\/wp\/v2\/users\/1"}],"replies":[{"embeddable":true,"href":"https:\/\/tarimhaber.com\/index.php?rest_route=%2Fwp%2Fv2%2Fcomments&post=1357"}],"version-history":[{"count":0,"href":"https:\/\/tarimhaber.com\/index.php?rest_route=\/wp\/v2\/posts\/1357\/revisions"}],"wp:attachment":[{"href":"https:\/\/tarimhaber.com\/index.php?rest_route=%2Fwp%2Fv2%2Fmedia&parent=1357"}],"wp:term":[{"taxonomy":"category","embeddable":true,"href":"https:\/\/tarimhaber.com\/index.php?rest_route=%2Fwp%2Fv2%2Fcategories&post=1357"},{"taxonomy":"post_tag","embeddable":true,"href":"https:\/\/tarimhaber.com\/index.php?rest_route=%2Fwp%2Fv2%2Ftags&post=1357"}],"curies":[{"name":"wp","href":"https:\/\/api.w.org\/{rel}","templated":true}]}}