{"id":1384,"date":"2010-03-29T07:39:19","date_gmt":"2010-03-29T07:39:19","guid":{"rendered":"http:\/\/tarimhaber.com\/?p=1384"},"modified":"2010-03-29T07:39:19","modified_gmt":"2010-03-29T07:39:19","slug":"ureticinin-o-yil-kar-etse-de-etmese-de-ayni-desteklemeyi-talep-etmesi-dogru-degil","status":"publish","type":"post","link":"https:\/\/tarimhaber.com\/?p=1384","title":{"rendered":"\u00dcreticinin, O Y\u0131l Kar Etse de Etmese de Ayn\u0131 Desteklemeyi Talep Etmesi Do\u011fru De\u011fil"},"content":{"rendered":"<p>TBMM Tar\u0131m Orman ve K\u00f6yi\u015fleri Komisyonu Ba\u015fkan\u0131 Vahit Kiri\u015f\u00e7i, `\u00fcreticinin, o y\u0131l kar etse de etmese de ayn\u0131 desteklemeyi talep etmesinin do\u011fru olmad\u0131\u011f\u0131n\u0131` s\u00f6yledi. Kiri\u015f\u00e7i, AA muhabirine yapt\u0131\u011f\u0131 a\u00e7\u0131klamada, tar\u0131m\u0131n bir \u00fclkenin gelece\u011fi i\u00e7in ne kadar \u00f6nemli oldu\u011funun bilinciyle \u00e7al\u0131\u015fmalar ger\u00e7ekle\u015ftirdiklerini, \u00fcreticilerin de \u00fcr\u00fcn desteklemesi konusuna ayn\u0131 bilin\u00e7le yakla\u015fmas\u0131 gerekti\u011fini bildirdi. Tar\u0131m ve K\u00f6yi\u015fleri Bakanl\u0131\u011f\u0131nca T\u00fcrkiye Tar\u0131m Havzalar\u0131 \u00dcretim ve Destekleme Modeline g\u00f6re 30 havzada, 2010 y\u0131l\u0131nda \u00fcretilerek sat\u0131\u015f\u0131 yap\u0131lan 16 tar\u0131m \u00fcr\u00fcn\u00fcn\u00fcn desteklenece\u011fini an\u0131msatan Kiri\u015fci, \u015funlar\u0131 s\u00f6yledi: `Tek bir destekleme arac\u0131 devrede oldu\u011fu takdirde \u00fcretici, arz yetersizli\u011fi olana de\u011fil kendince daha fazla kar getirece\u011fini d\u00fc\u015f\u00fcnd\u00fc\u011f\u00fc \u00fcr\u00fcne y\u00f6neliyor. \u00dcreticinin, o y\u0131l kar etse de etmese de ayn\u0131 desteklemeyi talep etmesi do\u011fru de\u011fil. S\u00fcrd\u00fcr\u00fclebilir bir destekleme modeli i\u00e7in herkes adil olmas\u0131n\u0131 bilmeli.<\/p>\n","protected":false},"excerpt":{"rendered":"<p>TBMM Tar\u0131m Orman ve K\u00f6yi\u015fleri Komisyonu Ba\u015fkan\u0131 Vahit Kiri\u015f\u00e7i, `\u00fcreticinin, o y\u0131l kar etse de etmese de ayn\u0131 desteklemeyi talep etmesinin do\u011fru olmad\u0131\u011f\u0131n\u0131` s\u00f6yledi. Kiri\u015f\u00e7i, AA muhabirine yapt\u0131\u011f\u0131 a\u00e7\u0131klamada, tar\u0131m\u0131n&hellip;<\/p>\n","protected":false},"author":1,"featured_media":0,"comment_status":"open","ping_status":"open","sticky":false,"template":"","format":"standard","meta":{"footnotes":""},"categories":[2],"tags":[3138],"class_list":["post-1384","post","type-post","status-publish","format-standard","hentry","category-tarimgentr","tag-http-www-sondakika-com-haber-tbmm-tarim-orman-ve-koyisleri-komisyonu-baskani-4-1979085"],"_links":{"self":[{"href":"https:\/\/tarimhaber.com\/index.php?rest_route=\/wp\/v2\/posts\/1384","targetHints":{"allow":["GET"]}}],"collection":[{"href":"https:\/\/tarimhaber.com\/index.php?rest_route=\/wp\/v2\/posts"}],"about":[{"href":"https:\/\/tarimhaber.com\/index.php?rest_route=\/wp\/v2\/types\/post"}],"author":[{"embeddable":true,"href":"https:\/\/tarimhaber.com\/index.php?rest_route=\/wp\/v2\/users\/1"}],"replies":[{"embeddable":true,"href":"https:\/\/tarimhaber.com\/index.php?rest_route=%2Fwp%2Fv2%2Fcomments&post=1384"}],"version-history":[{"count":0,"href":"https:\/\/tarimhaber.com\/index.php?rest_route=\/wp\/v2\/posts\/1384\/revisions"}],"wp:attachment":[{"href":"https:\/\/tarimhaber.com\/index.php?rest_route=%2Fwp%2Fv2%2Fmedia&parent=1384"}],"wp:term":[{"taxonomy":"category","embeddable":true,"href":"https:\/\/tarimhaber.com\/index.php?rest_route=%2Fwp%2Fv2%2Fcategories&post=1384"},{"taxonomy":"post_tag","embeddable":true,"href":"https:\/\/tarimhaber.com\/index.php?rest_route=%2Fwp%2Fv2%2Ftags&post=1384"}],"curies":[{"name":"wp","href":"https:\/\/api.w.org\/{rel}","templated":true}]}}