{"id":1401,"date":"2010-03-31T08:10:56","date_gmt":"2010-03-31T08:10:56","guid":{"rendered":"http:\/\/tarimhaber.com\/?p=1401"},"modified":"2010-03-31T08:10:56","modified_gmt":"2010-03-31T08:10:56","slug":"tarimsal-yayim-ve-danismanlik-sisteminde-degisiklik-merkezi-sinav-geliyor","status":"publish","type":"post","link":"https:\/\/tarimhaber.com\/?p=1401","title":{"rendered":"Tar\u0131msal Yay\u0131m ve Dan\u0131\u015fmanl\u0131k Sisteminde De\u011fi\u015fiklik: Merkezi S\u0131nav Geliyor"},"content":{"rendered":"<p>Bakanl\u0131k 8\/9\/2006 tarihli ve 26283 say\u0131l\u0131 Resm\u00ee Gazete\u2019de yay\u0131mlanan Tar\u0131msal Yay\u0131m ve Dan\u0131\u015fmanl\u0131k Hizmetlerinin D\u00fczenlenmesine Dair Y\u00f6netmelik`te k\u00f6kl\u00fc de\u011fi\u015fikliklere gitti. Yap\u0131lan de\u011fi\u015fikliklere g\u00f6re Tar\u0131msal yay\u0131m ve dan\u0131\u015fmanl\u0131k e\u011fitim merkezleri kald\u0131r\u0131ld\u0131, Tar\u0131msal Yay\u0131m ve Dan\u0131\u015fmanl\u0131k E\u011fitimi D\u00fczenleme Yetki Belgeleri iptal edildi. Y\u00f6netmeli\u011fe ilave edilen S\u0131nav Bakanl\u0131\u011f\u0131n belirleyece\u011fi esaslar dahilinde merkezi olarak ger\u00e7ekle\u015ftirilir. h\u00fckm\u00fc uyar\u0131nca sertifikalar yap\u0131lacak olan merkezi s\u0131navda ba\u015far\u0131 g\u00f6sterenlere verilecek. S\u0131navda ba\u015far\u0131l\u0131 olmak i\u00e7in, 100 \u00fczerinden en az 70 almak gerekiyor. Tar\u0131m dan\u0131\u015fman\u0131\/tar\u0131m yay\u0131mc\u0131s\u0131 sertifikalar\u0131n\u0131n vize i\u015flemi, Genel M\u00fcd\u00fcrl\u00fck taraf\u0131ndan yap\u0131lmakta iken, de\u011fi\u015fikli\u011fe g\u00f6re bulunduklar\u0131 \u0130l M\u00fcd\u00fcrl\u00fcklerince ger\u00e7ekle\u015ftirilecek.<\/p>\n","protected":false},"excerpt":{"rendered":"<p>Bakanl\u0131k 8\/9\/2006 tarihli ve 26283 say\u0131l\u0131 Resm\u00ee Gazete\u2019de yay\u0131mlanan Tar\u0131msal Yay\u0131m ve Dan\u0131\u015fmanl\u0131k Hizmetlerinin D\u00fczenlenmesine Dair Y\u00f6netmelik`te k\u00f6kl\u00fc de\u011fi\u015fikliklere gitti. Yap\u0131lan de\u011fi\u015fikliklere g\u00f6re Tar\u0131msal yay\u0131m ve dan\u0131\u015fmanl\u0131k e\u011fitim merkezleri kald\u0131r\u0131ld\u0131,&hellip;<\/p>\n","protected":false},"author":1,"featured_media":0,"comment_status":"open","ping_status":"open","sticky":false,"template":"","format":"standard","meta":{"footnotes":""},"categories":[2],"tags":[377],"class_list":["post-1401","post","type-post","status-publish","format-standard","hentry","category-tarimgentr","tag-http-rega-basbakanlik-gov-tr-main-aspxhomehttp-rega-basbakanlik-gov-tr-eskiler-2010-03-20100331-htmmainhttp-rega-basbakanlik-gov-tr-eskiler-2010-03-20100331-htm"],"_links":{"self":[{"href":"https:\/\/tarimhaber.com\/index.php?rest_route=\/wp\/v2\/posts\/1401","targetHints":{"allow":["GET"]}}],"collection":[{"href":"https:\/\/tarimhaber.com\/index.php?rest_route=\/wp\/v2\/posts"}],"about":[{"href":"https:\/\/tarimhaber.com\/index.php?rest_route=\/wp\/v2\/types\/post"}],"author":[{"embeddable":true,"href":"https:\/\/tarimhaber.com\/index.php?rest_route=\/wp\/v2\/users\/1"}],"replies":[{"embeddable":true,"href":"https:\/\/tarimhaber.com\/index.php?rest_route=%2Fwp%2Fv2%2Fcomments&post=1401"}],"version-history":[{"count":0,"href":"https:\/\/tarimhaber.com\/index.php?rest_route=\/wp\/v2\/posts\/1401\/revisions"}],"wp:attachment":[{"href":"https:\/\/tarimhaber.com\/index.php?rest_route=%2Fwp%2Fv2%2Fmedia&parent=1401"}],"wp:term":[{"taxonomy":"category","embeddable":true,"href":"https:\/\/tarimhaber.com\/index.php?rest_route=%2Fwp%2Fv2%2Fcategories&post=1401"},{"taxonomy":"post_tag","embeddable":true,"href":"https:\/\/tarimhaber.com\/index.php?rest_route=%2Fwp%2Fv2%2Ftags&post=1401"}],"curies":[{"name":"wp","href":"https:\/\/api.w.org\/{rel}","templated":true}]}}