{"id":1417,"date":"2010-03-29T18:45:00","date_gmt":"2010-03-29T18:45:00","guid":{"rendered":"http:\/\/tarimhaber.com\/?p=1417"},"modified":"2010-03-29T18:45:00","modified_gmt":"2010-03-29T18:45:00","slug":"neden-sut-tanitim-grubu-kurup-sutu-anlatmiyoruz","status":"publish","type":"post","link":"https:\/\/tarimhaber.com\/?p=1417","title":{"rendered":"Neden s\u00fct tan\u0131t\u0131m grubu kurup s\u00fct\u00fc anlatm\u0131yoruz"},"content":{"rendered":"<p>Ege Vet Genel M\u00fcd\u00fcr\u00fc Tahir Yavuz, s\u00fct tan\u0131t\u0131m grubu kurulup k\u00fc\u00e7\u00fck kesintilerle bir fon olu\u015fturulmas\u0131 gerekti\u011fini belirtiyor. Yavuz, bunu da Ulusal S\u00fct Konseyi`nin y\u00fcr\u00fctmesini istiyor. Ge\u00e7enlerde Ege Vet Genel M\u00fcd\u00fcr\u00fc Tahir Yavuz`dan bir mektup ald\u0131m. Ge\u00e7en hafta \u00e7ar\u015famba g\u00fcn\u00fc yazd\u0131\u011f\u0131m, Su 1.5, kola 2.5 lira. \u00c7i\u011f s\u00fct\u00fcn fiyat\u0131 ise 85 kuru\u015f&#8230; Ulusal S\u00fct Konseyi nerede ba\u015fl\u0131kl\u0131 yaz\u0131m \u00fczerine Tahir Yavuz, konuya farkl\u0131 bir bak\u0131\u015f a\u00e7\u0131s\u0131 getiren bir mektup kaleme alm\u0131\u015f.\u00d6nce, ge\u00e7en yaz\u0131mdan k\u0131sa bir hat\u0131rlatma yapay\u0131m. Ard\u0131ndan da Tahir Yavuz`un g\u00f6r\u00fc\u015flerini sizlerle payla\u015fay\u0131m. \u00dcreticiler d\u0131\u015f\u0131nda, hemen hemen t\u00fcm kesimlerin s\u00fct fiyat\u0131n\u0131 y\u00fcksek buldu\u011funa ve bundan da \u00fcreticilerin \u015fik\u00e2yet\u00e7i oldu\u011funa de\u011findi\u011fim yaz\u0131mda; \u00fcreticilerin, sanayicileri, s\u00fct\u00fcn fiyat\u0131n\u0131 85 kuru\u015ftan daha da a\u015fa\u011f\u0131 \u00e7ekmekle su\u00e7lad\u0131klar\u0131n\u0131 belirtmi\u015ftim&#8230; Y\u0131llard\u0131r s\u00fcren sanayici, \u00fcretici kavgas\u0131na son vermek i\u00e7in kurulan Ulusal S\u00fct Konseyi`nin ise sesinin \u00e7\u0131kmad\u0131\u011f\u0131na dikkat \u00e7ekmi\u015ftim.Ayn\u0131 yaz\u0131mda; \u00fcreticilerin s\u00fct fi&#8230;<\/p>\n","protected":false},"excerpt":{"rendered":"<p>Ege Vet Genel M\u00fcd\u00fcr\u00fc Tahir Yavuz, s\u00fct tan\u0131t\u0131m grubu kurulup k\u00fc\u00e7\u00fck kesintilerle bir fon olu\u015fturulmas\u0131 gerekti\u011fini belirtiyor. Yavuz, bunu da Ulusal S\u00fct Konseyi`nin y\u00fcr\u00fctmesini istiyor. Ge\u00e7enlerde Ege Vet Genel M\u00fcd\u00fcr\u00fc&hellip;<\/p>\n","protected":false},"author":1,"featured_media":0,"comment_status":"open","ping_status":"open","sticky":false,"template":"","format":"standard","meta":{"footnotes":""},"categories":[2],"tags":[2917],"class_list":["post-1417","post","type-post","status-publish","format-standard","hentry","category-tarimgentr","tag-http-www-referansgazetesi-com-haber-aspxhbr_kod138266"],"_links":{"self":[{"href":"https:\/\/tarimhaber.com\/index.php?rest_route=\/wp\/v2\/posts\/1417","targetHints":{"allow":["GET"]}}],"collection":[{"href":"https:\/\/tarimhaber.com\/index.php?rest_route=\/wp\/v2\/posts"}],"about":[{"href":"https:\/\/tarimhaber.com\/index.php?rest_route=\/wp\/v2\/types\/post"}],"author":[{"embeddable":true,"href":"https:\/\/tarimhaber.com\/index.php?rest_route=\/wp\/v2\/users\/1"}],"replies":[{"embeddable":true,"href":"https:\/\/tarimhaber.com\/index.php?rest_route=%2Fwp%2Fv2%2Fcomments&post=1417"}],"version-history":[{"count":0,"href":"https:\/\/tarimhaber.com\/index.php?rest_route=\/wp\/v2\/posts\/1417\/revisions"}],"wp:attachment":[{"href":"https:\/\/tarimhaber.com\/index.php?rest_route=%2Fwp%2Fv2%2Fmedia&parent=1417"}],"wp:term":[{"taxonomy":"category","embeddable":true,"href":"https:\/\/tarimhaber.com\/index.php?rest_route=%2Fwp%2Fv2%2Fcategories&post=1417"},{"taxonomy":"post_tag","embeddable":true,"href":"https:\/\/tarimhaber.com\/index.php?rest_route=%2Fwp%2Fv2%2Ftags&post=1417"}],"curies":[{"name":"wp","href":"https:\/\/api.w.org\/{rel}","templated":true}]}}