{"id":1423,"date":"2010-03-31T08:53:57","date_gmt":"2010-03-31T08:53:57","guid":{"rendered":"http:\/\/tarimhaber.com\/?p=1423"},"modified":"2010-03-31T08:53:57","modified_gmt":"2010-03-31T08:53:57","slug":"ispartada-elma-depoda-kaldi","status":"publish","type":"post","link":"https:\/\/tarimhaber.com\/?p=1423","title":{"rendered":"Isparta`da Elma Depoda Kald\u0131"},"content":{"rendered":"<p>sparta Ziraat Odas\u0131 Ba\u015fkan\u0131 Bayram Kutlu, 2009 y\u0131l\u0131nda elma veriminin iyi oldu\u011funu ifade ederek, \u201cElmay\u0131 bah\u00e7elerden toplayarak So\u011fuk Hava Depolar\u0131na koyduk ve t\u00fcccar beklemeye ba\u015flad\u0131k. Fakat neredeyse yeni sezon gelmesine ra\u011fmen hala elmay\u0131 satamad\u0131k. Elma depoda kald\u0131\u201d dedi \u00c7ift\u00e7inin yeni d\u00f6nem i\u00e7in bah\u00e7esinde ila\u00e7lama ve budama \u00e7al\u0131\u015fmalar\u0131 yapt\u0131\u011f\u0131n\u0131 belirten Kutlu, yeni \u00fcr\u00fcn i\u00e7in masraf yap\u0131ld\u0131\u011f\u0131n\u0131 s\u00f6yledi. \u201c\u00c7ift\u00e7inin \u015fu g\u00fcnlerde paraya ihtiyac\u0131 var\u201d diyen Kutlu, yetkililerden elma sat\u0131\u015f\u0131 i\u00e7in destek beklediklerini bildirdi. Isparta Ziraat Odas\u0131 Ba\u015fkan\u0131 Bayram Kutlu, \u201c\u00c7ift\u00e7i ila\u00e7lama, g\u00fcbreleme ve tarlay\u0131 s\u00fcrd\u00fcrme gibi i\u015fler i\u00e7in paras\u0131 olmad\u0131\u011f\u0131ndan, bor\u00e7lanarak yap\u0131yor. G\u00fcbre al\u0131yor, deftere yazd\u0131r\u0131yor, ila\u00e7 al\u0131yor, deftere yazd\u0131r\u0131yor. Trakt\u00f6r\u00fc olmayanlar trakt\u00f6r\u00fc olan \u00e7ift\u00e7i arkada\u015f\u0131na tarlas\u0131n\u0131 veresiye s\u00fcrd\u00fcr\u00fcyor\u201d diye konu\u015ftu.<\/p>\n","protected":false},"excerpt":{"rendered":"<p>sparta Ziraat Odas\u0131 Ba\u015fkan\u0131 Bayram Kutlu, 2009 y\u0131l\u0131nda elma veriminin iyi oldu\u011funu ifade ederek, \u201cElmay\u0131 bah\u00e7elerden toplayarak So\u011fuk Hava Depolar\u0131na koyduk ve t\u00fcccar beklemeye ba\u015flad\u0131k. Fakat neredeyse yeni sezon gelmesine&hellip;<\/p>\n","protected":false},"author":1,"featured_media":0,"comment_status":"open","ping_status":"open","sticky":false,"template":"","format":"standard","meta":{"footnotes":""},"categories":[2],"tags":[1195],"class_list":["post-1423","post","type-post","status-publish","format-standard","hentry","category-tarimgentr","tag-http-www-haberciniz-biz-haber-ispartada-elma-depoda-kaldi-isparta-799939-html"],"_links":{"self":[{"href":"https:\/\/tarimhaber.com\/index.php?rest_route=\/wp\/v2\/posts\/1423","targetHints":{"allow":["GET"]}}],"collection":[{"href":"https:\/\/tarimhaber.com\/index.php?rest_route=\/wp\/v2\/posts"}],"about":[{"href":"https:\/\/tarimhaber.com\/index.php?rest_route=\/wp\/v2\/types\/post"}],"author":[{"embeddable":true,"href":"https:\/\/tarimhaber.com\/index.php?rest_route=\/wp\/v2\/users\/1"}],"replies":[{"embeddable":true,"href":"https:\/\/tarimhaber.com\/index.php?rest_route=%2Fwp%2Fv2%2Fcomments&post=1423"}],"version-history":[{"count":0,"href":"https:\/\/tarimhaber.com\/index.php?rest_route=\/wp\/v2\/posts\/1423\/revisions"}],"wp:attachment":[{"href":"https:\/\/tarimhaber.com\/index.php?rest_route=%2Fwp%2Fv2%2Fmedia&parent=1423"}],"wp:term":[{"taxonomy":"category","embeddable":true,"href":"https:\/\/tarimhaber.com\/index.php?rest_route=%2Fwp%2Fv2%2Fcategories&post=1423"},{"taxonomy":"post_tag","embeddable":true,"href":"https:\/\/tarimhaber.com\/index.php?rest_route=%2Fwp%2Fv2%2Ftags&post=1423"}],"curies":[{"name":"wp","href":"https:\/\/api.w.org\/{rel}","templated":true}]}}