{"id":1434,"date":"2010-04-02T18:21:00","date_gmt":"2010-04-02T18:21:00","guid":{"rendered":"http:\/\/tarimhaber.com\/?p=1434"},"modified":"2010-04-02T18:21:00","modified_gmt":"2010-04-02T18:21:00","slug":"bakanligin-yeni-gdo-yonetmeligi-de-yargidan-donebilir","status":"publish","type":"post","link":"https:\/\/tarimhaber.com\/?p=1434","title":{"rendered":"Bakanl\u0131\u011f\u0131n yeni GDO y\u00f6netmeli\u011fi de yarg\u0131dan d\u00f6nebilir"},"content":{"rendered":"<p>Geneti\u011fi de\u011fi\u015ftirilmi\u015f organizmalar y\u00f6netmeli\u011fi 4 kez de\u011fi\u015ftirildikten sonra silba\u015ftan yenileniyor. Ancak Tar\u0131m ve K\u00f6yi\u015fleri Bakanl\u0131\u011f\u0131`n\u0131n bir an \u00f6nce y\u00fcr\u00fcrl\u00fc\u011fe sokmak istedi\u011fi yeni y\u00f6netmelik, i\u00e7eri\u011fi kadar hukuki boyutlar\u0131yla da tart\u0131\u015fma konusu. Tart\u0131\u015f\u0131lan y\u00f6netmelik t\u0131pk\u0131 26 Ekim`de yay\u0131mlanan gibi yasal dayanaktan yoksun. \u00c7\u00fcnk\u00fc Meclis`te yasala\u015fan y\u00f6netmelik ancak 6 ay sonra y\u00fcr\u00fcrl\u00fc\u011fe girebilecek. 26 Ekim`de yay\u0131mlanan ve y\u00fcr\u00fcrl\u00fc\u011f\u00fc giren GDO y\u00f6netmeli\u011finin, gelen itirazlar \u00fczerine Dan\u0131\u015ftay taraf\u0131ndan yasas\u0131 olmad\u0131\u011f\u0131 gerek\u00e7esiyle y\u00fcr\u00fctmesi durdurulmu\u015ftu. Sekt\u00f6r temsilcilerine g\u00f6re bu son y\u00f6netmeli\u011fin kaderi de 26 Ekim y\u00f6netmeli\u011finden farkl\u0131 olmayacak. Ge\u00e7en hafta Meclis`te kabul edilen Biyog\u00fcvenlik Yasas\u0131 da bu sorunu gidermekten uzak. \u00c7\u00fcnk\u00fc yasa, teknik altyap\u0131 haz\u0131rl\u0131klar\u0131n\u0131n tamamlanmas\u0131 gerek\u00e7esiyle 6 ay sonra y\u00fcr\u00fcrl\u00fc\u011fe girebilecek. Bu durum, Biyog\u00fcvenlik Yasas\u0131`n\u0131n \u015fu anda \u00fczerinde \u00e7al\u0131\u015f\u0131lan y\u00f6netmeli\u011fe yasal dayanak olu\u015fturmas\u0131n\u0131 engelliyor. Tar\u0131m ve K\u00f6yi\u015fleri Bakanl\u0131\u011f\u0131 ise ye&#8230;<\/p>\n","protected":false},"excerpt":{"rendered":"<p>Geneti\u011fi de\u011fi\u015ftirilmi\u015f organizmalar y\u00f6netmeli\u011fi 4 kez de\u011fi\u015ftirildikten sonra silba\u015ftan yenileniyor. Ancak Tar\u0131m ve K\u00f6yi\u015fleri Bakanl\u0131\u011f\u0131`n\u0131n bir an \u00f6nce y\u00fcr\u00fcrl\u00fc\u011fe sokmak istedi\u011fi yeni y\u00f6netmelik, i\u00e7eri\u011fi kadar hukuki boyutlar\u0131yla da tart\u0131\u015fma konusu.&hellip;<\/p>\n","protected":false},"author":1,"featured_media":0,"comment_status":"open","ping_status":"open","sticky":false,"template":"","format":"standard","meta":{"footnotes":""},"categories":[2],"tags":[2922],"class_list":["post-1434","post","type-post","status-publish","format-standard","hentry","category-tarimgentr","tag-http-www-referansgazetesi-com-haber-aspxhbr_kod138444"],"_links":{"self":[{"href":"https:\/\/tarimhaber.com\/index.php?rest_route=\/wp\/v2\/posts\/1434","targetHints":{"allow":["GET"]}}],"collection":[{"href":"https:\/\/tarimhaber.com\/index.php?rest_route=\/wp\/v2\/posts"}],"about":[{"href":"https:\/\/tarimhaber.com\/index.php?rest_route=\/wp\/v2\/types\/post"}],"author":[{"embeddable":true,"href":"https:\/\/tarimhaber.com\/index.php?rest_route=\/wp\/v2\/users\/1"}],"replies":[{"embeddable":true,"href":"https:\/\/tarimhaber.com\/index.php?rest_route=%2Fwp%2Fv2%2Fcomments&post=1434"}],"version-history":[{"count":0,"href":"https:\/\/tarimhaber.com\/index.php?rest_route=\/wp\/v2\/posts\/1434\/revisions"}],"wp:attachment":[{"href":"https:\/\/tarimhaber.com\/index.php?rest_route=%2Fwp%2Fv2%2Fmedia&parent=1434"}],"wp:term":[{"taxonomy":"category","embeddable":true,"href":"https:\/\/tarimhaber.com\/index.php?rest_route=%2Fwp%2Fv2%2Fcategories&post=1434"},{"taxonomy":"post_tag","embeddable":true,"href":"https:\/\/tarimhaber.com\/index.php?rest_route=%2Fwp%2Fv2%2Ftags&post=1434"}],"curies":[{"name":"wp","href":"https:\/\/api.w.org\/{rel}","templated":true}]}}