{"id":1435,"date":"2010-04-02T16:34:00","date_gmt":"2010-04-02T16:34:00","guid":{"rendered":"http:\/\/tarimhaber.com\/?p=1435"},"modified":"2010-04-02T16:34:00","modified_gmt":"2010-04-02T16:34:00","slug":"tarim-kredi-kooperatifleri-guven-sut-fabrikasini-satin","status":"publish","type":"post","link":"https:\/\/tarimhaber.com\/?p=1435","title":{"rendered":"Tar\u0131m Kredi Kooperatifleri G\u00fcven S\u00fct Fabrikas\u0131n\u0131 Sat\u0131n &#8230;"},"content":{"rendered":"<p>Tar\u0131m Kredi Kooperatifleri, Eski\u015fehir Beylikova`daki G\u00fcven S\u00fct Fabrikas\u0131n\u0131 sat\u0131n ald\u0131\u011f\u0131n\u0131 a\u00e7\u0131klad\u0131. Tar\u0131m Kredi Kooperatiflerinden yap\u0131lan a\u00e7\u0131klamada, sat\u0131n al\u0131nan G\u00fcven S\u00fct Fabrika`s\u0131n\u0131n \u00f6ncelikle \u00fcreticilerin s\u00fctlerini de\u011ferlendirece\u011fi belirtilerek, g\u00fcnl\u00fck s\u00fct i\u015fleme kapasitesi 80 ton olan fabrikan\u0131n kapasitesinin 250 tona y\u00fckseltilmesinin hedeflendi\u011fi kaydedildi. Tar\u0131m Kredi Kooperatifleri Merkez Birli\u011fi Genel M\u00fcd\u00fcr\u00fc Bedrettin Y\u0131ld\u0131r\u0131m, \u00e7ift\u00e7ilerden s\u0131k\u00e7a s\u00fctlerin de\u011ferlendirilmesiyle ilgili faaliyette bulunulmas\u0131 y\u00f6n\u00fcnde talepler ald\u0131klar\u0131n\u0131 ifade ederek, Piyasada denge unsuru olan Tar\u0131m Kredi Kooperatifleri olarak g\u00fcnl\u00fck s\u00fct i\u015fleme kapasitesi 80 ton olan bu fabrika ile s\u00fct fiyatlar\u0131nda s\u0131k\u00e7a ya\u015fanan dalgalanmalar\u0131n \u00f6n\u00fcne ge\u00e7erek en az\u0131ndan \u015fimdilik b\u00f6lgesel anlamda piyasay\u0131 reg\u00fcle edici rol \u00fcstlenmeyi ve bu tesisin kapasitesini de g\u00fcnl\u00fck 250 tona y\u00fckseltmeyi hedefliyoruz dedi.(ANKA)<\/p>\n","protected":false},"excerpt":{"rendered":"<p>Tar\u0131m Kredi Kooperatifleri, Eski\u015fehir Beylikova`daki G\u00fcven S\u00fct Fabrikas\u0131n\u0131 sat\u0131n ald\u0131\u011f\u0131n\u0131 a\u00e7\u0131klad\u0131. Tar\u0131m Kredi Kooperatiflerinden yap\u0131lan a\u00e7\u0131klamada, sat\u0131n al\u0131nan G\u00fcven S\u00fct Fabrika`s\u0131n\u0131n \u00f6ncelikle \u00fcreticilerin s\u00fctlerini de\u011ferlendirece\u011fi belirtilerek, g\u00fcnl\u00fck s\u00fct i\u015fleme kapasitesi&hellip;<\/p>\n","protected":false},"author":1,"featured_media":0,"comment_status":"open","ping_status":"open","sticky":false,"template":"","format":"standard","meta":{"footnotes":""},"categories":[2],"tags":[1971],"class_list":["post-1435","post","type-post","status-publish","format-standard","hentry","category-tarimgentr","tag-http-www-haberler-com-tarim-kredi-kooperatifleri-guven-sut-fabrikasini-haberi"],"_links":{"self":[{"href":"https:\/\/tarimhaber.com\/index.php?rest_route=\/wp\/v2\/posts\/1435","targetHints":{"allow":["GET"]}}],"collection":[{"href":"https:\/\/tarimhaber.com\/index.php?rest_route=\/wp\/v2\/posts"}],"about":[{"href":"https:\/\/tarimhaber.com\/index.php?rest_route=\/wp\/v2\/types\/post"}],"author":[{"embeddable":true,"href":"https:\/\/tarimhaber.com\/index.php?rest_route=\/wp\/v2\/users\/1"}],"replies":[{"embeddable":true,"href":"https:\/\/tarimhaber.com\/index.php?rest_route=%2Fwp%2Fv2%2Fcomments&post=1435"}],"version-history":[{"count":0,"href":"https:\/\/tarimhaber.com\/index.php?rest_route=\/wp\/v2\/posts\/1435\/revisions"}],"wp:attachment":[{"href":"https:\/\/tarimhaber.com\/index.php?rest_route=%2Fwp%2Fv2%2Fmedia&parent=1435"}],"wp:term":[{"taxonomy":"category","embeddable":true,"href":"https:\/\/tarimhaber.com\/index.php?rest_route=%2Fwp%2Fv2%2Fcategories&post=1435"},{"taxonomy":"post_tag","embeddable":true,"href":"https:\/\/tarimhaber.com\/index.php?rest_route=%2Fwp%2Fv2%2Ftags&post=1435"}],"curies":[{"name":"wp","href":"https:\/\/api.w.org\/{rel}","templated":true}]}}