{"id":1440,"date":"2010-04-03T16:02:10","date_gmt":"2010-04-03T16:02:10","guid":{"rendered":"http:\/\/tarimhaber.com\/?p=1440"},"modified":"2010-04-03T16:02:10","modified_gmt":"2010-04-03T16:02:10","slug":"fotograflarda-olumsuzlesen-tarim-emektarlarinin-sergisi-acildi","status":"publish","type":"post","link":"https:\/\/tarimhaber.com\/?p=1440","title":{"rendered":"Foto\u011fraflarda \u00d6l\u00fcms\u00fczle\u015fen `Tar\u0131m Emektarlar\u0131`n\u0131n Sergisi A\u00e7\u0131ld\u0131"},"content":{"rendered":"<p>Tar\u0131m ve K\u00f6yi\u015fleri Bakanl\u0131\u011f\u0131 Yay\u0131n Dairesi Ba\u015fkanl\u0131\u011f\u0131`nca d\u00fczenlenen 1. Tar\u0131m ve \u0130nsan Foto\u011fraf Yar\u0131\u015fmas\u0131 sergisi Bursa`da izlenime sunuldu. Tar\u0131m\u0131n T\u00fcrk toplum hayat\u0131ndaki \u00f6nemini anlatmak amac\u0131yla d\u00fczenlenen foto\u011fraf yar\u0131\u015fmas\u0131nda dereceye giren ve sergilenmeye uygun g\u00f6r\u00fclen eserler izlenime sunuldu. Bu y\u0131l ilki ger\u00e7ekle\u015ftirilen `Tar\u0131m ve \u0130nsan` konulu 1. Ulusal Foto\u011fraf Yar\u0131\u015fmas\u0131`n\u0131n 100 eseri 10 g\u00fcn boyunca sanatseverlerle bulu\u015facak. Devlet Bakan\u0131 Faruk \u00c7elik ve Vali \u015eahabettin Harput ile milletvekillerinin kat\u0131l\u0131m\u0131 ile B\u00fcy\u00fck\u015fehir Belediyesi Cemal Nadir G\u00fcler Sanat Galerisi`nde a\u00e7\u0131lan foto\u011fraf sergisi b\u00fcy\u00fck ilgi g\u00f6rd\u00fc. A\u00e7\u0131l\u0131\u015fta konu\u015fan Bakan \u00c7elik, tar\u0131m\u0131n T\u00fcrk toplumu a\u00e7\u0131s\u0131ndan b\u00fcy\u00fck \u00f6nem ta\u015f\u0131d\u0131\u011f\u0131n\u0131n alt\u0131n\u0131 \u00e7izerek, a\u00e7\u0131l\u0131\u015f\u0131 yap\u0131lan resim sergisinin bunu en ince ayr\u0131nt\u0131s\u0131na kadar g\u00f6sterdi\u011fini s\u00f6yledi. Yap\u0131lan \u00e7al\u0131\u015fman\u0131n \u00e7ok ba\u015far\u0131l\u0131 oldu\u011funun alt\u0131n\u0131 \u00e7izen Bakan \u00c7elik, gezdi\u011fi sergide foto\u011fraflar hakk\u0131nda yetkililerden bilgi ald\u0131. Tar\u0131m ve K\u00f6yi\u015fleri Bakanl\u0131\u011f\u0131 Yay\u0131n Dairesi Ba\u015fkan\u0131 Recep Tezgel, serginin bundan \u00f6nce \u0130stanbul, Ankara ve Diyarbak\u0131r`da a\u00e7\u0131ld\u0131\u011f\u0131n\u0131 belirterek, Bursa`n\u0131n ard\u0131ndan ise Eski\u015fehir ve Antalya`da izlenime a\u00e7\u0131laca\u011f\u0131n\u0131 vurgulad\u0131. Yar\u0131\u015fmada dereceye girenlere toplam 8 bin TL`lik \u00f6d\u00fcl verildi\u011fini anlatan Recep Tezgel, ayr\u0131ca ba\u015far\u0131l\u0131 \u00e7al\u0131\u015fmalara 12 adet ise foto\u011fraf makinas\u0131 hediye edildi\u011fini s\u00f6yledi.<\/p>\n","protected":false},"excerpt":{"rendered":"<p>Tar\u0131m ve K\u00f6yi\u015fleri Bakanl\u0131\u011f\u0131 Yay\u0131n Dairesi Ba\u015fkanl\u0131\u011f\u0131`nca d\u00fczenlenen 1. Tar\u0131m ve \u0130nsan Foto\u011fraf Yar\u0131\u015fmas\u0131 sergisi Bursa`da izlenime sunuldu. Tar\u0131m\u0131n T\u00fcrk toplum hayat\u0131ndaki \u00f6nemini anlatmak amac\u0131yla d\u00fczenlenen foto\u011fraf yar\u0131\u015fmas\u0131nda dereceye giren&hellip;<\/p>\n","protected":false},"author":1,"featured_media":0,"comment_status":"open","ping_status":"open","sticky":false,"template":"","format":"standard","meta":{"footnotes":""},"categories":[2],"tags":[1607],"class_list":["post-1440","post","type-post","status-publish","format-standard","hentry","category-tarimgentr","tag-http-www-haberler-com-fotograflarda-olumsuzlesen-tarim-emektarlari-nin-haberi-1988718"],"_links":{"self":[{"href":"https:\/\/tarimhaber.com\/index.php?rest_route=\/wp\/v2\/posts\/1440","targetHints":{"allow":["GET"]}}],"collection":[{"href":"https:\/\/tarimhaber.com\/index.php?rest_route=\/wp\/v2\/posts"}],"about":[{"href":"https:\/\/tarimhaber.com\/index.php?rest_route=\/wp\/v2\/types\/post"}],"author":[{"embeddable":true,"href":"https:\/\/tarimhaber.com\/index.php?rest_route=\/wp\/v2\/users\/1"}],"replies":[{"embeddable":true,"href":"https:\/\/tarimhaber.com\/index.php?rest_route=%2Fwp%2Fv2%2Fcomments&post=1440"}],"version-history":[{"count":0,"href":"https:\/\/tarimhaber.com\/index.php?rest_route=\/wp\/v2\/posts\/1440\/revisions"}],"wp:attachment":[{"href":"https:\/\/tarimhaber.com\/index.php?rest_route=%2Fwp%2Fv2%2Fmedia&parent=1440"}],"wp:term":[{"taxonomy":"category","embeddable":true,"href":"https:\/\/tarimhaber.com\/index.php?rest_route=%2Fwp%2Fv2%2Fcategories&post=1440"},{"taxonomy":"post_tag","embeddable":true,"href":"https:\/\/tarimhaber.com\/index.php?rest_route=%2Fwp%2Fv2%2Ftags&post=1440"}],"curies":[{"name":"wp","href":"https:\/\/api.w.org\/{rel}","templated":true}]}}