{"id":1445,"date":"2010-04-04T05:57:01","date_gmt":"2010-04-04T05:57:01","guid":{"rendered":"http:\/\/tarimhaber.com\/?p=1445"},"modified":"2010-04-04T05:57:01","modified_gmt":"2010-04-04T05:57:01","slug":"turkiyenin-ilk-uygulamali-tarim-fuari","status":"publish","type":"post","link":"https:\/\/tarimhaber.com\/?p=1445","title":{"rendered":"T\u00fcrkiye`nin ilk uygulamal\u0131 tar\u0131m fuar\u0131"},"content":{"rendered":"<p>Tekirda\u011f, Alman Tar\u0131m Birli\u011fi (DLG) ve \u00d6nder \u00c7ift\u00e7i Projesi (\u00d6\u00c7P) i\u015fbirli\u011fiyle, T\u00fcrkiye`nin ilk a\u00e7\u0131k hava uygulamal\u0131 tar\u0131m fuar\u0131na haz\u0131rlan\u0131yor. &#8230;<\/p>\n","protected":false},"excerpt":{"rendered":"<p>Tekirda\u011f, Alman Tar\u0131m Birli\u011fi (DLG) ve \u00d6nder \u00c7ift\u00e7i Projesi (\u00d6\u00c7P) i\u015fbirli\u011fiyle, T\u00fcrkiye`nin ilk a\u00e7\u0131k hava uygulamal\u0131 tar\u0131m fuar\u0131na haz\u0131rlan\u0131yor. &#8230;<\/p>\n","protected":false},"author":1,"featured_media":0,"comment_status":"open","ping_status":"open","sticky":false,"template":"","format":"standard","meta":{"footnotes":""},"categories":[2],"tags":[2212],"class_list":["post-1445","post","type-post","status-publish","format-standard","hentry","category-tarimgentr","tag-http-www-habervakti-com-pagenews_detailsid25406"],"_links":{"self":[{"href":"https:\/\/tarimhaber.com\/index.php?rest_route=\/wp\/v2\/posts\/1445","targetHints":{"allow":["GET"]}}],"collection":[{"href":"https:\/\/tarimhaber.com\/index.php?rest_route=\/wp\/v2\/posts"}],"about":[{"href":"https:\/\/tarimhaber.com\/index.php?rest_route=\/wp\/v2\/types\/post"}],"author":[{"embeddable":true,"href":"https:\/\/tarimhaber.com\/index.php?rest_route=\/wp\/v2\/users\/1"}],"replies":[{"embeddable":true,"href":"https:\/\/tarimhaber.com\/index.php?rest_route=%2Fwp%2Fv2%2Fcomments&post=1445"}],"version-history":[{"count":0,"href":"https:\/\/tarimhaber.com\/index.php?rest_route=\/wp\/v2\/posts\/1445\/revisions"}],"wp:attachment":[{"href":"https:\/\/tarimhaber.com\/index.php?rest_route=%2Fwp%2Fv2%2Fmedia&parent=1445"}],"wp:term":[{"taxonomy":"category","embeddable":true,"href":"https:\/\/tarimhaber.com\/index.php?rest_route=%2Fwp%2Fv2%2Fcategories&post=1445"},{"taxonomy":"post_tag","embeddable":true,"href":"https:\/\/tarimhaber.com\/index.php?rest_route=%2Fwp%2Fv2%2Ftags&post=1445"}],"curies":[{"name":"wp","href":"https:\/\/api.w.org\/{rel}","templated":true}]}}