{"id":1446,"date":"2010-04-04T18:25:44","date_gmt":"2010-04-04T18:25:44","guid":{"rendered":"http:\/\/tarimhaber.com\/?p=1446"},"modified":"2010-04-04T18:25:44","modified_gmt":"2010-04-04T18:25:44","slug":"sogan-fiyati-rekora-doymuyor","status":"publish","type":"post","link":"https:\/\/tarimhaber.com\/?p=1446","title":{"rendered":"So\u011fan fiyat\u0131 rekora doymuyor"},"content":{"rendered":"<p>So\u011fan fiyatlar\u0131nda ya\u015fanan ba\u015f d\u00f6nd\u00fcr\u00fcc\u00fc y\u00fckseli\u015f bir t\u00fcrl\u00fc durmak bilmiyor. \u00d6nceki hafta i\u00e7erisinde marketlerde fiyat\u0131 3 liraya ula\u015fan kuru so\u011fan \u015fimdi de 4 liray\u0131 zorluyor. So\u011fanda ya\u015fanan y\u00fckseli\u015fte \u00fcr\u00fcn azl\u0131\u011f\u0131n\u0131n en \u00f6nemli fakt\u00f6r oldu\u011fu belirtiliyor. Yeni \u00fcr\u00fcn\u00fcn \u00e7\u0131kmas\u0131na az bir zaman kala \u00fcretici elinde ve depolarda t\u00fckenme noktas\u0131na gelen kuru so\u011fan\u0131n y\u00fckseli\u015fi s\u00fcr\u00fcyor. Ge\u00e7en hafta pazarlarda 3 liraya sat\u0131lan kuru so\u011fan\u0131n kilo fiyat\u0131 3,5 liraya \u00e7\u0131karken, marketlerin manav reyonlar\u0131nda ise 3.8 liray\u0131 buldu.<br \/>\nPazar esnaf\u0131, kuru so\u011fan\u0131n \u00f6n\u00fcm\u00fczdeki bir iki hafta daha bu \u015fekilde pahal\u0131 olaca\u011f\u0131n\u0131, yeni \u00fcr\u00fcn\u00fcn \u00e7\u0131kmas\u0131yla ucuzlama ya\u015fanaca\u011f\u0131n\u0131 belirterek, t\u00fcketicilerin \u00f6nemli bir b\u00f6l\u00fcm\u00fcn\u00fcn bu bilin\u00e7le so\u011fan\u0131 yar\u0131m\u015far kilo \u015feklinde ald\u0131\u011f\u0131n\u0131 s\u00f6yledi. T\u00fcrkiye Ziraat Odas\u0131 Ba\u015fkan\u0131 \u015eemsi Bayraktar da, so\u011fanda g\u00f6r\u00fclen fiyat art\u0131\u015f\u0131nda \u00fcretimin ge\u00e7en y\u0131la g\u00f6re gerilemesinin yan\u0131 s\u0131ra pazarlama sezonunun sonuna yakla\u015f\u0131lmas\u0131 nedeniyle so\u011fan stoklar\u0131n\u0131n azalmas\u0131n\u0131n etkili oldu\u011funu kaydetti. Kuru so\u011fan fiyatlar\u0131n\u0131n 15 g\u00fcn sonra d\u00fc\u015fmesinin beklendi\u011fi bildirildi.<\/p>\n","protected":false},"excerpt":{"rendered":"<p>So\u011fan fiyatlar\u0131nda ya\u015fanan ba\u015f d\u00f6nd\u00fcr\u00fcc\u00fc y\u00fckseli\u015f bir t\u00fcrl\u00fc durmak bilmiyor. \u00d6nceki hafta i\u00e7erisinde marketlerde fiyat\u0131 3 liraya ula\u015fan kuru so\u011fan \u015fimdi de 4 liray\u0131 zorluyor. So\u011fanda ya\u015fanan y\u00fckseli\u015fte \u00fcr\u00fcn azl\u0131\u011f\u0131n\u0131n&hellip;<\/p>\n","protected":false},"author":1,"featured_media":1447,"comment_status":"open","ping_status":"open","sticky":false,"template":"","format":"standard","meta":{"footnotes":""},"categories":[2],"tags":[2313],"class_list":["post-1446","post","type-post","status-publish","format-standard","has-post-thumbnail","hentry","category-tarimgentr","tag-http-www-hurriyet-com-tr-ekonomi-14312438-aspgid373"],"_links":{"self":[{"href":"https:\/\/tarimhaber.com\/index.php?rest_route=\/wp\/v2\/posts\/1446","targetHints":{"allow":["GET"]}}],"collection":[{"href":"https:\/\/tarimhaber.com\/index.php?rest_route=\/wp\/v2\/posts"}],"about":[{"href":"https:\/\/tarimhaber.com\/index.php?rest_route=\/wp\/v2\/types\/post"}],"author":[{"embeddable":true,"href":"https:\/\/tarimhaber.com\/index.php?rest_route=\/wp\/v2\/users\/1"}],"replies":[{"embeddable":true,"href":"https:\/\/tarimhaber.com\/index.php?rest_route=%2Fwp%2Fv2%2Fcomments&post=1446"}],"version-history":[{"count":0,"href":"https:\/\/tarimhaber.com\/index.php?rest_route=\/wp\/v2\/posts\/1446\/revisions"}],"wp:featuredmedia":[{"embeddable":true,"href":"https:\/\/tarimhaber.com\/index.php?rest_route=\/"}],"wp:attachment":[{"href":"https:\/\/tarimhaber.com\/index.php?rest_route=%2Fwp%2Fv2%2Fmedia&parent=1446"}],"wp:term":[{"taxonomy":"category","embeddable":true,"href":"https:\/\/tarimhaber.com\/index.php?rest_route=%2Fwp%2Fv2%2Fcategories&post=1446"},{"taxonomy":"post_tag","embeddable":true,"href":"https:\/\/tarimhaber.com\/index.php?rest_route=%2Fwp%2Fv2%2Ftags&post=1446"}],"curies":[{"name":"wp","href":"https:\/\/api.w.org\/{rel}","templated":true}]}}