{"id":1454,"date":"2010-04-05T14:38:00","date_gmt":"2010-04-05T14:38:00","guid":{"rendered":"http:\/\/tarimhaber.com\/?p=1454"},"modified":"2010-04-05T14:38:00","modified_gmt":"2010-04-05T14:38:00","slug":"turkiye-ile-pakistan-tarim-alaninda-isbirligi-yapacak","status":"publish","type":"post","link":"https:\/\/tarimhaber.com\/?p=1454","title":{"rendered":"T\u00fcrkiye ile Pakistan Tar\u0131m Alan\u0131nda \u0130\u015fbirli\u011fi Yapacak &#8230;"},"content":{"rendered":"<p>T\u00fcrkiye ile Pakistan Aras\u0131nda Tar\u0131msal Alanda \u0130\u015fbirli\u011fi Yap\u0131lacak. Cumhurba\u015fkan\u0131 Abdullah G\u00fcl`\u00fcn Pakistan Ziyaretine Kat\u0131lan Tar\u0131m ve K\u00f6yi\u015fleri Bakan\u0131 Mehdi Eker, Pakistanl\u0131 Muhataplar\u0131yla G\u00f6r\u00fc\u015ft\u00fc ve \u0130ki \u00dclke Aras\u0131nda Tar\u0131mla \u0130lgili Anla\u015fma \u0130mzaland\u0131.<\/p>\n","protected":false},"excerpt":{"rendered":"<p>T\u00fcrkiye ile Pakistan Aras\u0131nda Tar\u0131msal Alanda \u0130\u015fbirli\u011fi Yap\u0131lacak. Cumhurba\u015fkan\u0131 Abdullah G\u00fcl`\u00fcn Pakistan Ziyaretine Kat\u0131lan Tar\u0131m ve K\u00f6yi\u015fleri Bakan\u0131 Mehdi Eker, Pakistanl\u0131 Muhataplar\u0131yla G\u00f6r\u00fc\u015ft\u00fc ve \u0130ki \u00dclke Aras\u0131nda Tar\u0131mla \u0130lgili Anla\u015fma&hellip;<\/p>\n","protected":false},"author":1,"featured_media":0,"comment_status":"open","ping_status":"open","sticky":false,"template":"","format":"standard","meta":{"footnotes":""},"categories":[2],"tags":[2073],"class_list":["post-1454","post","type-post","status-publish","format-standard","hentry","category-tarimgentr","tag-http-www-haberler-com-turkiye-ile-pakistan-tarim-alaninda-isbirligi-haberi"],"_links":{"self":[{"href":"https:\/\/tarimhaber.com\/index.php?rest_route=\/wp\/v2\/posts\/1454","targetHints":{"allow":["GET"]}}],"collection":[{"href":"https:\/\/tarimhaber.com\/index.php?rest_route=\/wp\/v2\/posts"}],"about":[{"href":"https:\/\/tarimhaber.com\/index.php?rest_route=\/wp\/v2\/types\/post"}],"author":[{"embeddable":true,"href":"https:\/\/tarimhaber.com\/index.php?rest_route=\/wp\/v2\/users\/1"}],"replies":[{"embeddable":true,"href":"https:\/\/tarimhaber.com\/index.php?rest_route=%2Fwp%2Fv2%2Fcomments&post=1454"}],"version-history":[{"count":0,"href":"https:\/\/tarimhaber.com\/index.php?rest_route=\/wp\/v2\/posts\/1454\/revisions"}],"wp:attachment":[{"href":"https:\/\/tarimhaber.com\/index.php?rest_route=%2Fwp%2Fv2%2Fmedia&parent=1454"}],"wp:term":[{"taxonomy":"category","embeddable":true,"href":"https:\/\/tarimhaber.com\/index.php?rest_route=%2Fwp%2Fv2%2Fcategories&post=1454"},{"taxonomy":"post_tag","embeddable":true,"href":"https:\/\/tarimhaber.com\/index.php?rest_route=%2Fwp%2Fv2%2Ftags&post=1454"}],"curies":[{"name":"wp","href":"https:\/\/api.w.org\/{rel}","templated":true}]}}