{"id":1458,"date":"2010-04-06T05:55:14","date_gmt":"2010-04-06T05:55:14","guid":{"rendered":"http:\/\/tarimhaber.com\/?p=1458"},"modified":"2010-04-06T05:55:14","modified_gmt":"2010-04-06T05:55:14","slug":"sutte-uretici-ve-sanayici-uzlasma-ariyor","status":"publish","type":"post","link":"https:\/\/tarimhaber.com\/?p=1458","title":{"rendered":"S\u00fctte \u00fcretici ve sanayici uzla\u015fma ar\u0131yor"},"content":{"rendered":"<p>S\u00fct \u00fcreticileri ve sanayicileri son birka\u00e7 g\u00fcnd\u00fcr ya\u015fanan kavgaya \u00e7\u00f6z\u00fcm bulmak i\u00e7in uzla\u015fma zemini ar\u0131yor. Taraflar d\u00fcn Tar\u0131m Bakanl\u0131\u011f\u0131`nda ger\u00e7ekle\u015ftirilen toplant\u0131da bir araya geldi. Saat 14.00`te ba\u015flayan toplant\u0131 ak\u015fam saatlerine kadar s\u00fcrd\u00fc. Toplant\u0131 aras\u0131nda gazetiniz D\u00dcNYA`ya bilgi veren Ambalajl\u0131 S\u00fct ve S\u00fct \u00dcr\u00fcnleri Sanayicileri Derne\u011fi Ba\u015fkan\u0131 Harun \u00c7all\u0131, litre ba\u015f\u0131na 75 kuru\u015fluk fiyat noktas\u0131nda anla\u015fman\u0131n yak\u0131n oldu\u011funu ileri s\u00fcrd\u00fc. Sanayiciler ise 75 kuru\u015fluk litre fiyat\u0131na itiraz ediyorlard\u0131. Ambalaj giderleri ve perakende bask\u0131s\u0131 alt\u0131nda oldu\u011funu ileri s\u00fcren sanayiciler, fiyat\u0131n 70 kuru\u015fun alt\u0131na indirilmesini istiyor. Kavga nedeniyle 4 bin \u00fcretici pazar g\u00fcn\u00fcnden bu yana sanayiciye s\u00fct vermiyor. Sanayicilerin s\u00fct almak istemedi\u011fini iddia eden T\u00fcrkiye S\u00fct \u00dcreticileri Merkez Birli\u011fi Ba\u015fkan Yard\u0131mc\u0131s\u0131 Osman Vasfi Yasun ise uzla\u015fma olmazsa t\u00fcketicilere s\u00fct\u00fc bedava vereceklerini a\u00e7\u0131klad\u0131. \u00dcretici birlikleri de anla\u015fma olmamas\u0131 halinde ellerindeki s\u00fct\u00fc yard\u0131m kurumlar\u0131na verme ve halka a\u00e7\u0131k yerlerde da\u011f\u0131tma karar\u0131 ald\u0131.<\/p>\n","protected":false},"excerpt":{"rendered":"<p>S\u00fct \u00fcreticileri ve sanayicileri son birka\u00e7 g\u00fcnd\u00fcr ya\u015fanan kavgaya \u00e7\u00f6z\u00fcm bulmak i\u00e7in uzla\u015fma zemini ar\u0131yor. Taraflar d\u00fcn Tar\u0131m Bakanl\u0131\u011f\u0131`nda ger\u00e7ekle\u015ftirilen toplant\u0131da bir araya geldi. Saat 14.00`te ba\u015flayan toplant\u0131 ak\u015fam saatlerine&hellip;<\/p>\n","protected":false},"author":1,"featured_media":0,"comment_status":"open","ping_status":"open","sticky":false,"template":"","format":"standard","meta":{"footnotes":""},"categories":[2],"tags":[844],"class_list":["post-1458","post","type-post","status-publish","format-standard","hentry","category-tarimgentr","tag-http-www-dunyagazetesi-com-tr-sutte-uretici-ve-sanayici-uzlasma-ariyor_83338_haber-html"],"_links":{"self":[{"href":"https:\/\/tarimhaber.com\/index.php?rest_route=\/wp\/v2\/posts\/1458","targetHints":{"allow":["GET"]}}],"collection":[{"href":"https:\/\/tarimhaber.com\/index.php?rest_route=\/wp\/v2\/posts"}],"about":[{"href":"https:\/\/tarimhaber.com\/index.php?rest_route=\/wp\/v2\/types\/post"}],"author":[{"embeddable":true,"href":"https:\/\/tarimhaber.com\/index.php?rest_route=\/wp\/v2\/users\/1"}],"replies":[{"embeddable":true,"href":"https:\/\/tarimhaber.com\/index.php?rest_route=%2Fwp%2Fv2%2Fcomments&post=1458"}],"version-history":[{"count":0,"href":"https:\/\/tarimhaber.com\/index.php?rest_route=\/wp\/v2\/posts\/1458\/revisions"}],"wp:attachment":[{"href":"https:\/\/tarimhaber.com\/index.php?rest_route=%2Fwp%2Fv2%2Fmedia&parent=1458"}],"wp:term":[{"taxonomy":"category","embeddable":true,"href":"https:\/\/tarimhaber.com\/index.php?rest_route=%2Fwp%2Fv2%2Fcategories&post=1458"},{"taxonomy":"post_tag","embeddable":true,"href":"https:\/\/tarimhaber.com\/index.php?rest_route=%2Fwp%2Fv2%2Ftags&post=1458"}],"curies":[{"name":"wp","href":"https:\/\/api.w.org\/{rel}","templated":true}]}}