{"id":1472,"date":"2010-04-08T02:05:33","date_gmt":"2010-04-08T02:05:33","guid":{"rendered":"http:\/\/tarimhaber.com\/?p=1472"},"modified":"2010-04-08T02:05:33","modified_gmt":"2010-04-08T02:05:33","slug":"2009-tarim-sektorunun-toparlanma-yili-oldu","status":"publish","type":"post","link":"https:\/\/tarimhaber.com\/?p=1472","title":{"rendered":"2009 tar\u0131m sekt\u00f6r\u00fcn\u00fcn toparlanma y\u0131l\u0131 oldu"},"content":{"rendered":"<p>T\u00fcrkiye Ziraat Odalar\u0131 Birli\u011fi (TZOB) Ba\u015fkan\u0131 \u015eemsi Bayraktar, tar\u0131m sekt\u00f6r\u00fcn\u00fcn 2007 y\u0131l\u0131ndaki b\u00fcy\u00fck kurakl\u0131k ve 2008`de belli b\u00f6lgelerde ya\u015fanan kurakl\u0131\u011f\u0131n &#8230;<\/p>\n","protected":false},"excerpt":{"rendered":"<p>T\u00fcrkiye Ziraat Odalar\u0131 Birli\u011fi (TZOB) Ba\u015fkan\u0131 \u015eemsi Bayraktar, tar\u0131m sekt\u00f6r\u00fcn\u00fcn 2007 y\u0131l\u0131ndaki b\u00fcy\u00fck kurakl\u0131k ve 2008`de belli b\u00f6lgelerde ya\u015fanan kurakl\u0131\u011f\u0131n &#8230;<\/p>\n","protected":false},"author":1,"featured_media":0,"comment_status":"open","ping_status":"open","sticky":false,"template":"","format":"standard","meta":{"footnotes":""},"categories":[2],"tags":[2873],"class_list":["post-1472","post","type-post","status-publish","format-standard","hentry","category-tarimgentr","tag-http-www-posta-com-tr-ekonomi-haberdetay-2009_tarim_sektorunun_toparlanma_yili_oldu-htmarticleid25276"],"_links":{"self":[{"href":"https:\/\/tarimhaber.com\/index.php?rest_route=\/wp\/v2\/posts\/1472","targetHints":{"allow":["GET"]}}],"collection":[{"href":"https:\/\/tarimhaber.com\/index.php?rest_route=\/wp\/v2\/posts"}],"about":[{"href":"https:\/\/tarimhaber.com\/index.php?rest_route=\/wp\/v2\/types\/post"}],"author":[{"embeddable":true,"href":"https:\/\/tarimhaber.com\/index.php?rest_route=\/wp\/v2\/users\/1"}],"replies":[{"embeddable":true,"href":"https:\/\/tarimhaber.com\/index.php?rest_route=%2Fwp%2Fv2%2Fcomments&post=1472"}],"version-history":[{"count":0,"href":"https:\/\/tarimhaber.com\/index.php?rest_route=\/wp\/v2\/posts\/1472\/revisions"}],"wp:attachment":[{"href":"https:\/\/tarimhaber.com\/index.php?rest_route=%2Fwp%2Fv2%2Fmedia&parent=1472"}],"wp:term":[{"taxonomy":"category","embeddable":true,"href":"https:\/\/tarimhaber.com\/index.php?rest_route=%2Fwp%2Fv2%2Fcategories&post=1472"},{"taxonomy":"post_tag","embeddable":true,"href":"https:\/\/tarimhaber.com\/index.php?rest_route=%2Fwp%2Fv2%2Ftags&post=1472"}],"curies":[{"name":"wp","href":"https:\/\/api.w.org\/{rel}","templated":true}]}}