{"id":1478,"date":"2010-04-08T18:44:00","date_gmt":"2010-04-08T18:44:00","guid":{"rendered":"http:\/\/tarimhaber.com\/?p=1478"},"modified":"2010-04-08T18:44:00","modified_gmt":"2010-04-08T18:44:00","slug":"tarim-ve-insan-2-fotograf-yarismasi-basliyor","status":"publish","type":"post","link":"https:\/\/tarimhaber.com\/?p=1478","title":{"rendered":"Tar\u0131m ve \u0130nsan 2. Foto\u011fraf Yar\u0131\u015fmas\u0131 Ba\u015fl\u0131yor"},"content":{"rendered":"<p>Tar\u0131m ve K\u00f6yi\u015fleri Bakanl\u0131\u011f\u0131 Yay\u0131n Dairesi Ba\u015fkanl\u0131\u011f\u0131; \u201cTar\u0131m ve \u0130nsan\u201d temal\u0131 2. Ulusal Foto\u011fraf Yar\u0131\u015fmas\u0131n\u0131 d\u00fczenliyor. Yay\u0131n Dairesi Ba\u015fkanl\u0131\u011f\u0131 taraf\u0131ndan, 2009 y\u0131l\u0131 i\u00e7erisinde d\u00fczenlenen \u201cTar\u0131m ve \u0130nsan 1. Ulusal Foto\u011fraf Yar\u0131\u015fmas\u0131\u201dna; 407 yar\u0131\u015fmac\u0131 1707 eseriyle kat\u0131lm\u0131\u015ft\u0131. Dereceye giren eserler, T\u00fcrkiye genelinde d\u00fczenlenen sergilerle kamuoyunun be\u011fenisine sunuldu. Tar\u0131m ve K\u00f6yi\u015fleri Bakanl\u0131\u011f\u0131 Yay\u0131n Dairesi Ba\u015fkanl\u0131\u011f\u0131 taraf\u0131ndan 2010 y\u0131l\u0131nda ikincisi ger\u00e7ekle\u015ftirilecek olan Ulusal Foto\u011fraf Yar\u0131\u015fmas\u0131`na ba\u015fvurular, 22 Nisan 2010 tarihinde ba\u015flayacak. Genel Kat\u0131l\u0131m, \u00c7ift\u00e7i, \u00d6\u011frenciler, Tar\u0131m ve K\u00f6yi\u015fleri Bakanl\u0131\u011f\u0131 mensuplar\u0131 olmak \u00fczere 4 kategoride d\u00fczenlenecek olan Ulusal Foto\u011fraf Yar\u0131\u015fmas\u0131`nda, birinci yar\u0131\u015fmaya g\u00f6re, yar\u0131\u015fma \u00f6d\u00fcl miktarlar\u0131 artt\u0131r\u0131ld\u0131. Denizbank ve Canon Mas Deha\u2019n\u0131n katk\u0131lar\u0131yla haz\u0131rlanan yar\u0131\u015fmada eseri birinci olan yar\u0131\u015fmac\u0131ya 3000 TL para \u00f6d\u00fcl\u00fc verilecek. Eseri \u00f6d\u00fcle lay\u0131k g\u00f6r\u00fclen 6 yar\u0131\u015fmac\u0131ya ise toplamda 10.000 TL para \u00f6d\u00fcl\u00fcn\u00fcn yan\u0131 s\u0131ra Canon foto\u011fraf makineleri hediye edilecek. Ayr\u0131ca dereceye giren eserler, T\u00fcrkiye sergileri kapsam\u0131nda kamuoyunun ilgisine sunulacak. Tar\u0131m ve \u0130nsan konulu ikinci foto\u011fraf yar\u0131\u015fmas\u0131n\u0131n j\u00fcri \u00fcyeliklerini; Tar\u0131m ve K\u00f6yi\u015fleri Bakanl\u0131\u011f\u0131 Yay\u0131n Dairesi Ba\u015fkan\u0131 Recep TEZGEL, Hacettepe \u00dcniversitesi \u00d6\u011fretim \u00dcyeleri Mehmet Arslan G\u00dcVEN ve Dr. Serhat KAYMAS, T\u00fcrkiye\u2019de foto\u011fraf alan\u0131nda tek Devlet Sanat\u00e7\u0131s\u0131 olan Ozan SA\u011eDI\u00c7, Denizbank K\u00fclt\u00fcr ve Sanat Dan\u0131\u015fman\u0131 Perihan Y\u00dcCEL ve gazeteci &#8211; belgesel yap\u0131mc\u0131s\u0131 Co\u015fkun ARAL yapacak. Tar\u0131m ve \u0130nsan konulu 2. Ulusal Foto\u011fraf Yar\u0131\u015fmas\u0131\u2019na son ba\u015fvuru tarihi : 20 Temmuz 2010<\/p>\n","protected":false},"excerpt":{"rendered":"<p>Tar\u0131m ve K\u00f6yi\u015fleri Bakanl\u0131\u011f\u0131 Yay\u0131n Dairesi Ba\u015fkanl\u0131\u011f\u0131; \u201cTar\u0131m ve \u0130nsan\u201d temal\u0131 2. Ulusal Foto\u011fraf Yar\u0131\u015fmas\u0131n\u0131 d\u00fczenliyor. Yay\u0131n Dairesi Ba\u015fkanl\u0131\u011f\u0131 taraf\u0131ndan, 2009 y\u0131l\u0131 i\u00e7erisinde d\u00fczenlenen \u201cTar\u0131m ve \u0130nsan 1. Ulusal Foto\u011fraf&hellip;<\/p>\n","protected":false},"author":1,"featured_media":0,"comment_status":"open","ping_status":"open","sticky":false,"template":"","format":"standard","meta":{"footnotes":""},"categories":[2],"tags":[3251],"class_list":["post-1478","post","type-post","status-publish","format-standard","hentry","category-tarimgentr","tag-http-www-tarimyayin-gov-tr-default-asphid110"],"_links":{"self":[{"href":"https:\/\/tarimhaber.com\/index.php?rest_route=\/wp\/v2\/posts\/1478","targetHints":{"allow":["GET"]}}],"collection":[{"href":"https:\/\/tarimhaber.com\/index.php?rest_route=\/wp\/v2\/posts"}],"about":[{"href":"https:\/\/tarimhaber.com\/index.php?rest_route=\/wp\/v2\/types\/post"}],"author":[{"embeddable":true,"href":"https:\/\/tarimhaber.com\/index.php?rest_route=\/wp\/v2\/users\/1"}],"replies":[{"embeddable":true,"href":"https:\/\/tarimhaber.com\/index.php?rest_route=%2Fwp%2Fv2%2Fcomments&post=1478"}],"version-history":[{"count":0,"href":"https:\/\/tarimhaber.com\/index.php?rest_route=\/wp\/v2\/posts\/1478\/revisions"}],"wp:attachment":[{"href":"https:\/\/tarimhaber.com\/index.php?rest_route=%2Fwp%2Fv2%2Fmedia&parent=1478"}],"wp:term":[{"taxonomy":"category","embeddable":true,"href":"https:\/\/tarimhaber.com\/index.php?rest_route=%2Fwp%2Fv2%2Fcategories&post=1478"},{"taxonomy":"post_tag","embeddable":true,"href":"https:\/\/tarimhaber.com\/index.php?rest_route=%2Fwp%2Fv2%2Ftags&post=1478"}],"curies":[{"name":"wp","href":"https:\/\/api.w.org\/{rel}","templated":true}]}}