{"id":1479,"date":"2010-04-08T18:44:00","date_gmt":"2010-04-08T18:44:00","guid":{"rendered":"http:\/\/tarimhaber.com\/?p=1479"},"modified":"2010-04-08T18:44:00","modified_gmt":"2010-04-08T18:44:00","slug":"fiyati-begenmeyen-uretici-sutunu-kendisi-isleyecek","status":"publish","type":"post","link":"https:\/\/tarimhaber.com\/?p=1479","title":{"rendered":"Fiyat\u0131 be\u011fenmeyen \u00fcretici s\u00fct\u00fcn\u00fc kendisi i\u015fleyecek"},"content":{"rendered":"<p>S\u00fct fiyat\u0131nda sanayici ile \u00fcreticiler aras\u0131ndaki s\u0131k\u0131nt\u0131lar \u00e7\u00f6z\u00fcme do\u011fru yakla\u015f\u0131rken \u00fcretici kal\u0131c\u0131 \u00e7\u00f6z\u00fcm\u00fcn yolunu \u2018kendi s\u00fct\u00fcn\u00fc kendi i\u015flemek` form\u00fcl\u00fcnde buldu. Tart\u0131\u015fmalar\u0131n ard\u0131ndan \u00fcretti\u011fi s\u00fct\u00fc i\u015flemek isteyen birlik say\u0131s\u0131nda art\u0131\u015f var. Sanayici ile s\u00fct \u00fcreticisi aras\u0131ndaki fiyat kavgas\u0131 \u00e7\u00f6z\u00fclmek \u00fczere. T\u00fcrkiye S\u00fct \u00dcreticileri Merkez Birli\u011fi`nin (TS\u00dcMB) pazar g\u00fcn\u00fcnden bu yana ba\u015flatm\u0131\u015f oldu\u011fu sanayiciye s\u00fct vermeme eylemi, baz\u0131 b\u00f6lgelerde sona erdi. Sanayici ile \u00f6nceki g\u00fcn uzla\u015fma umuduyla masaya oturan \u00fcretici, umdu\u011funu bulamay\u0131nca eyleme devam karar\u0131 alm\u0131\u015ft\u0131. Ancak d\u00fcn ger\u00e7ekle\u015ftirilen m\u00fczakereler sonucunda \u00fcretici, 72.5 kuru\u015f ile 76 kuru\u015f aras\u0131nda fiyatlara ikna oldu ve eylemini bitirdi. TS\u00dcMB Genel Sekreteri Kuzey Acarba\u015f, Cuma g\u00fcn\u00fcne kadar t\u00fcm birliklerde anla\u015fma sa\u011flanm\u0131\u015f olacak dedi. Fiyat konusunda anla\u015fma haberleri gelmesine kar\u015f\u0131n s\u00fct \u00fcreticisi, sorunu k\u00f6k\u00fcnden halletmenin yolunu ar\u0131yor. S\u00fct \u00fcreticisinin buldu\u011fu \u00e7\u00f6z\u00fcmlerin ba\u015f\u0131nda ise sanayicili\u011fe soyunmak geliy&#8230;<\/p>\n","protected":false},"excerpt":{"rendered":"<p>S\u00fct fiyat\u0131nda sanayici ile \u00fcreticiler aras\u0131ndaki s\u0131k\u0131nt\u0131lar \u00e7\u00f6z\u00fcme do\u011fru yakla\u015f\u0131rken \u00fcretici kal\u0131c\u0131 \u00e7\u00f6z\u00fcm\u00fcn yolunu \u2018kendi s\u00fct\u00fcn\u00fc kendi i\u015flemek` form\u00fcl\u00fcnde buldu. Tart\u0131\u015fmalar\u0131n ard\u0131ndan \u00fcretti\u011fi s\u00fct\u00fc i\u015flemek isteyen birlik say\u0131s\u0131nda art\u0131\u015f var.&hellip;<\/p>\n","protected":false},"author":1,"featured_media":0,"comment_status":"open","ping_status":"open","sticky":false,"template":"","format":"standard","meta":{"footnotes":""},"categories":[2],"tags":[2923],"class_list":["post-1479","post","type-post","status-publish","format-standard","hentry","category-tarimgentr","tag-http-www-referansgazetesi-com-haber-aspxhbr_kod138628"],"_links":{"self":[{"href":"https:\/\/tarimhaber.com\/index.php?rest_route=\/wp\/v2\/posts\/1479","targetHints":{"allow":["GET"]}}],"collection":[{"href":"https:\/\/tarimhaber.com\/index.php?rest_route=\/wp\/v2\/posts"}],"about":[{"href":"https:\/\/tarimhaber.com\/index.php?rest_route=\/wp\/v2\/types\/post"}],"author":[{"embeddable":true,"href":"https:\/\/tarimhaber.com\/index.php?rest_route=\/wp\/v2\/users\/1"}],"replies":[{"embeddable":true,"href":"https:\/\/tarimhaber.com\/index.php?rest_route=%2Fwp%2Fv2%2Fcomments&post=1479"}],"version-history":[{"count":0,"href":"https:\/\/tarimhaber.com\/index.php?rest_route=\/wp\/v2\/posts\/1479\/revisions"}],"wp:attachment":[{"href":"https:\/\/tarimhaber.com\/index.php?rest_route=%2Fwp%2Fv2%2Fmedia&parent=1479"}],"wp:term":[{"taxonomy":"category","embeddable":true,"href":"https:\/\/tarimhaber.com\/index.php?rest_route=%2Fwp%2Fv2%2Fcategories&post=1479"},{"taxonomy":"post_tag","embeddable":true,"href":"https:\/\/tarimhaber.com\/index.php?rest_route=%2Fwp%2Fv2%2Ftags&post=1479"}],"curies":[{"name":"wp","href":"https:\/\/api.w.org\/{rel}","templated":true}]}}