{"id":1528,"date":"2010-04-14T09:40:00","date_gmt":"2010-04-14T09:40:00","guid":{"rendered":"http:\/\/tarimhaber.com\/?p=1528"},"modified":"2010-04-14T09:40:00","modified_gmt":"2010-04-14T09:40:00","slug":"tbmmde-sutlu-toplanti","status":"publish","type":"post","link":"https:\/\/tarimhaber.com\/?p=1528","title":{"rendered":"TBMM`de `S\u00fctl\u00fc` Toplant\u0131"},"content":{"rendered":"<p>CHP Mu\u011fla Milletvekili G\u00fcrol Ergin, tar\u0131mda uygulanan yanl\u0131\u015f politikalar sonucunda s\u00fct \u00fcretiminin d\u00fc\u015ft\u00fc\u011f\u00fcn\u00fc, fiyatlar\u0131n da sanayicilerin insaf\u0131na kald\u0131\u011f\u0131n\u0131 s\u00f6yledi. CHP Mu\u011fla Milletvekili Ergin, Bal\u0131kesir Milletvekilleri Erg\u00fcn Aydo\u011fan,Tokat Milletvekili Orhan Diren, Burdur Milletvekili Kerim \u00d6zkan, \u00c7anakkale Milletvekili Ahmet K\u00fc\u00e7\u00fck ve Edirne Milletvekili Rasim \u00c7ak\u0131r ile d\u00fczenledi\u011fi bas\u0131n toplant\u0131s\u0131nda, gazetecilere birer bardak s\u00fct da\u011f\u0131tt\u0131lar ve kendileri de i\u00e7erek toplant\u0131ya ba\u015flad\u0131lar. G\u00fcrol Ergin, yapt\u0131\u011f\u0131 konu\u015fmada, 7 y\u0131ll\u0131k AK Parti d\u00f6neminde uygulanan yanl\u0131\u015f politikalar\u0131n sonucunda s\u00fct \u00fcretiminin d\u00fc\u015ft\u00fc\u011f\u00fcn\u00fc, s\u00fct fiyatlar\u0131n\u0131n da sanayicinin insaf\u0131na kald\u0131\u011f\u0131n\u0131 savunarak, &#8220;\u00dclkenin d\u00f6rt bir yan\u0131ndaki s\u00fct \u00fcreticisi peri\u015fan oldu, isyan ediyor. Tepkisini ya s\u00fct\u00fcn\u00fc d\u00f6kerek ya da paras\u0131z da\u011f\u0131tarak ortaya koyuyor. S\u00fct \u00fcreticisini isyan ettiren bug\u00fcnk\u00fc durum AKP`nin hayvanc\u0131l\u0131k politikas\u0131n\u0131n iflas etti\u011fini g\u00f6steriyor&#8220; diye konu\u015ftu.<\/p>\n","protected":false},"excerpt":{"rendered":"<p>CHP Mu\u011fla Milletvekili G\u00fcrol Ergin, tar\u0131mda uygulanan yanl\u0131\u015f politikalar sonucunda s\u00fct \u00fcretiminin d\u00fc\u015ft\u00fc\u011f\u00fcn\u00fc, fiyatlar\u0131n da sanayicilerin insaf\u0131na kald\u0131\u011f\u0131n\u0131 s\u00f6yledi. CHP Mu\u011fla Milletvekili Ergin, Bal\u0131kesir Milletvekilleri Erg\u00fcn Aydo\u011fan,Tokat Milletvekili Orhan Diren,&hellip;<\/p>\n","protected":false},"author":1,"featured_media":0,"comment_status":"open","ping_status":"open","sticky":false,"template":"","format":"standard","meta":{"footnotes":""},"categories":[2],"tags":[2016],"class_list":["post-1528","post","type-post","status-publish","format-standard","hentry","category-tarimgentr","tag-http-www-haberler-com-tbmm-de-sutlu-toplanti-haberi"],"_links":{"self":[{"href":"https:\/\/tarimhaber.com\/index.php?rest_route=\/wp\/v2\/posts\/1528","targetHints":{"allow":["GET"]}}],"collection":[{"href":"https:\/\/tarimhaber.com\/index.php?rest_route=\/wp\/v2\/posts"}],"about":[{"href":"https:\/\/tarimhaber.com\/index.php?rest_route=\/wp\/v2\/types\/post"}],"author":[{"embeddable":true,"href":"https:\/\/tarimhaber.com\/index.php?rest_route=\/wp\/v2\/users\/1"}],"replies":[{"embeddable":true,"href":"https:\/\/tarimhaber.com\/index.php?rest_route=%2Fwp%2Fv2%2Fcomments&post=1528"}],"version-history":[{"count":0,"href":"https:\/\/tarimhaber.com\/index.php?rest_route=\/wp\/v2\/posts\/1528\/revisions"}],"wp:attachment":[{"href":"https:\/\/tarimhaber.com\/index.php?rest_route=%2Fwp%2Fv2%2Fmedia&parent=1528"}],"wp:term":[{"taxonomy":"category","embeddable":true,"href":"https:\/\/tarimhaber.com\/index.php?rest_route=%2Fwp%2Fv2%2Fcategories&post=1528"},{"taxonomy":"post_tag","embeddable":true,"href":"https:\/\/tarimhaber.com\/index.php?rest_route=%2Fwp%2Fv2%2Ftags&post=1528"}],"curies":[{"name":"wp","href":"https:\/\/api.w.org\/{rel}","templated":true}]}}