{"id":1531,"date":"2010-04-17T02:35:10","date_gmt":"2010-04-17T02:35:10","guid":{"rendered":"http:\/\/tarimhaber.com\/?p=1531"},"modified":"2010-04-17T02:35:10","modified_gmt":"2010-04-17T02:35:10","slug":"tarimsal-tesvike-ilgi-yok","status":"publish","type":"post","link":"https:\/\/tarimhaber.com\/?p=1531","title":{"rendered":"Tar\u0131msal te\u015fvike ilgi yok"},"content":{"rendered":"<p>Tar\u0131m \u0130l M\u00fcd\u00fcr\u00fc Mustafa Altun, DAP kapsam\u0131ndaki illere y\u00f6nelik olarak verilen hayvanc\u0131l\u0131k te\u015fviklerinde gelinen noktan\u0131n bir de\u011ferlendirmesini yapt\u0131. \u201cDo\u011fu Anadolu Projesi Kapsam\u0131ndaki \u0130llerde Et\u00e7i ve Kombina Irklarla Kurulacak Dam\u0131zl\u0131k S\u0131\u011f\u0131r \u0130\u015fletmesi Yat\u0131r\u0131mlar\u0131n\u0131n Desteklenmesine Y\u00f6nelik\u201d te\u015fviklere ba\u015fvurular s\u00fcr\u00fcyor. Tar\u0131m \u0130l M\u00fcd\u00fcr\u00fc Mustafa Altun, DAP kapsam\u0131ndaki illere y\u00f6nelik olarak verilen hayvanc\u0131l\u0131k te\u015fviklerinde gelinen noktan\u0131n bir de\u011ferlendirmesini yapt\u0131. Her ay\u0131n 1\u2019i ile 15\u2019i aras\u0131nda kabul edilen projeler \u00e7er\u00e7evesinde Mart ay\u0131nda Erzurum\u2019dan toplam 15 ba\u015fvuru yap\u0131ld\u0131\u011f\u0131n\u0131 a\u00e7\u0131klayan Altun, Nisan ay\u0131 bilan\u00e7osunun ise, 10 ba\u015fvurudan olu\u015ftu\u011funu bildirdi. PROJE S\u00dcREC\u0130 Altun, \u201cMart ay\u0131nda yap\u0131lan toplam ba\u015fvuru say\u0131s\u0131 15 oldu. Bu ba\u015fvurulardan 11\u2019ini, gerekli inceleme ve de\u011ferlendirmeleri yapt\u0131ktan sonra Tar\u0131m ve K\u00f6yi\u015fleri Bakanl\u0131\u011f\u0131\u2019na g\u00f6nderdik. Geriye kalan 4 ba\u015fvuru ise, dosyadaki eksiklikler nedeniyle geri iade edildi.\u201d dedi. Te\u015fviklerden faydalanmak isteyen \u00fcreticilerin, haz\u0131rlad\u0131klar\u0131 projeleri her ay\u0131n 1\u2019i ile 15\u2019i aras\u0131nda Tar\u0131m \u0130l M\u00fcd\u00fcrl\u00fc\u011f\u00fc\u2019ne teslim etmeleri gerekti\u011fini vurgulayan Tar\u0131m \u0130l M\u00fcd\u00fcr\u00fc Altun, de\u011ferlendirmelerin ayl\u0131k olarak yap\u0131laca\u011f\u0131n\u0131, b\u00f6ylece hem proje takibinin kolayla\u015faca\u011f\u0131n\u0131, hem de vakit kayb\u0131 ya\u015fanmayaca\u011f\u0131n\u0131 dile getirdi. Bu \u00e7er\u00e7evede Mart ay\u0131n\u0131 15 ba\u015fvuruyla kapatt\u0131klar\u0131n\u0131 belirten Altun, Nisan ay\u0131 rakamlar\u0131n\u0131 da a\u00e7\u0131klad\u0131. 1 Nisan 15 Nisan tarihleri aras\u0131nda kuruma 10 proje daha sunuldu\u011funu a\u00e7\u0131klayan Altun, bu projelere ait de\u011ferlendirme s\u00fcrecinin devam etti\u011fini ifade ederek, \u201cProjelerin de\u011ferlendirmesini ve dosyalar\u0131n incelenmesini tamamlad\u0131ktan sonra bakanl\u0131\u011f\u0131m\u0131za g\u00f6nderece\u011fiz.\u201d \u015feklinde konu\u015ftu.<\/p>\n","protected":false},"excerpt":{"rendered":"<p>Tar\u0131m \u0130l M\u00fcd\u00fcr\u00fc Mustafa Altun, DAP kapsam\u0131ndaki illere y\u00f6nelik olarak verilen hayvanc\u0131l\u0131k te\u015fviklerinde gelinen noktan\u0131n bir de\u011ferlendirmesini yapt\u0131. \u201cDo\u011fu Anadolu Projesi Kapsam\u0131ndaki \u0130llerde Et\u00e7i ve Kombina Irklarla Kurulacak Dam\u0131zl\u0131k S\u0131\u011f\u0131r&hellip;<\/p>\n","protected":false},"author":1,"featured_media":0,"comment_status":"open","ping_status":"open","sticky":false,"template":"","format":"standard","meta":{"footnotes":""},"categories":[2],"tags":[908],"class_list":["post-1531","post","type-post","status-publish","format-standard","hentry","category-tarimgentr","tag-http-www-erzurumgazetesi-com-tr-default-asppagehaberid39178"],"_links":{"self":[{"href":"https:\/\/tarimhaber.com\/index.php?rest_route=\/wp\/v2\/posts\/1531","targetHints":{"allow":["GET"]}}],"collection":[{"href":"https:\/\/tarimhaber.com\/index.php?rest_route=\/wp\/v2\/posts"}],"about":[{"href":"https:\/\/tarimhaber.com\/index.php?rest_route=\/wp\/v2\/types\/post"}],"author":[{"embeddable":true,"href":"https:\/\/tarimhaber.com\/index.php?rest_route=\/wp\/v2\/users\/1"}],"replies":[{"embeddable":true,"href":"https:\/\/tarimhaber.com\/index.php?rest_route=%2Fwp%2Fv2%2Fcomments&post=1531"}],"version-history":[{"count":0,"href":"https:\/\/tarimhaber.com\/index.php?rest_route=\/wp\/v2\/posts\/1531\/revisions"}],"wp:attachment":[{"href":"https:\/\/tarimhaber.com\/index.php?rest_route=%2Fwp%2Fv2%2Fmedia&parent=1531"}],"wp:term":[{"taxonomy":"category","embeddable":true,"href":"https:\/\/tarimhaber.com\/index.php?rest_route=%2Fwp%2Fv2%2Fcategories&post=1531"},{"taxonomy":"post_tag","embeddable":true,"href":"https:\/\/tarimhaber.com\/index.php?rest_route=%2Fwp%2Fv2%2Ftags&post=1531"}],"curies":[{"name":"wp","href":"https:\/\/api.w.org\/{rel}","templated":true}]}}