{"id":1539,"date":"2010-04-19T22:17:06","date_gmt":"2010-04-19T22:17:06","guid":{"rendered":"http:\/\/tarimhaber.com\/?p=1539"},"modified":"2010-04-19T22:17:06","modified_gmt":"2010-04-19T22:17:06","slug":"egede-tarlalar-ipotek-altinda","status":"publish","type":"post","link":"https:\/\/tarimhaber.com\/?p=1539","title":{"rendered":"Ege`de tarlalar ipotek alt\u0131nda"},"content":{"rendered":"<p>Ege B\u00f6lgesi\u2019nde \u00e7ift\u00e7iler kriz ve do\u011fa felaketlerinin ard\u0131ndan bankalara olan bor\u00e7lar\u0131ndan kaynakl\u0131 ipotek ve haciz k\u0131skac\u0131yla m\u00fccadele ediyor. KURAKLIK, k\u00fcresel ekonomik kriz, don ve dolu felaketleri ya\u015fayan, y\u00fcksek girdi maliyetleri y\u00fcz\u00fcnden al\u0131nterinin kar\u015f\u0131l\u0131\u011f\u0131n\u0131 alamayan Egeli \u00e7ift\u00e7i bankalara olan y\u00fcksek bor\u00e7lar\u0131yla birlikte gelen ipotek ku\u015fatmas\u0131 alt\u0131nda ya\u015fam sava\u015f\u0131 veriyor. B\u00f6lgedeki ziraat odalar\u0131na \u00fcye olan \u00fcreticilerin b\u00fcy\u00fck \u00e7o\u011funlu\u011fu \u00c7ift\u00e7i Kay\u0131t Sistemi kapsam\u0131nda ald\u0131klar\u0131 belgelerin tamam\u0131n\u0131 bankalar i\u00e7in kullan\u0131yor, borcu bor\u00e7la kapatmaya \u00e7al\u0131\u015f\u0131yor. \u00c7ift\u00e7i \u00f6rg\u00fct\u00fc temsilcileri soruna acil \u00e7\u00f6z\u00fcm bulunmas\u0131n\u0131 isterken, sosyal problemlerin de \u00e7oktan kap\u0131dan i\u00e7eri girdi\u011fini savunuyor.<\/p>\n","protected":false},"excerpt":{"rendered":"<p>Ege B\u00f6lgesi\u2019nde \u00e7ift\u00e7iler kriz ve do\u011fa felaketlerinin ard\u0131ndan bankalara olan bor\u00e7lar\u0131ndan kaynakl\u0131 ipotek ve haciz k\u0131skac\u0131yla m\u00fccadele ediyor. KURAKLIK, k\u00fcresel ekonomik kriz, don ve dolu felaketleri ya\u015fayan, y\u00fcksek girdi maliyetleri&hellip;<\/p>\n","protected":false},"author":1,"featured_media":0,"comment_status":"open","ping_status":"open","sticky":false,"template":"","format":"standard","meta":{"footnotes":""},"categories":[2],"tags":[2301],"class_list":["post-1539","post","type-post","status-publish","format-standard","hentry","category-tarimgentr","tag-http-www-hurriyet-com-tr-ege-14472574-aspgid142"],"_links":{"self":[{"href":"https:\/\/tarimhaber.com\/index.php?rest_route=\/wp\/v2\/posts\/1539","targetHints":{"allow":["GET"]}}],"collection":[{"href":"https:\/\/tarimhaber.com\/index.php?rest_route=\/wp\/v2\/posts"}],"about":[{"href":"https:\/\/tarimhaber.com\/index.php?rest_route=\/wp\/v2\/types\/post"}],"author":[{"embeddable":true,"href":"https:\/\/tarimhaber.com\/index.php?rest_route=\/wp\/v2\/users\/1"}],"replies":[{"embeddable":true,"href":"https:\/\/tarimhaber.com\/index.php?rest_route=%2Fwp%2Fv2%2Fcomments&post=1539"}],"version-history":[{"count":0,"href":"https:\/\/tarimhaber.com\/index.php?rest_route=\/wp\/v2\/posts\/1539\/revisions"}],"wp:attachment":[{"href":"https:\/\/tarimhaber.com\/index.php?rest_route=%2Fwp%2Fv2%2Fmedia&parent=1539"}],"wp:term":[{"taxonomy":"category","embeddable":true,"href":"https:\/\/tarimhaber.com\/index.php?rest_route=%2Fwp%2Fv2%2Fcategories&post=1539"},{"taxonomy":"post_tag","embeddable":true,"href":"https:\/\/tarimhaber.com\/index.php?rest_route=%2Fwp%2Fv2%2Ftags&post=1539"}],"curies":[{"name":"wp","href":"https:\/\/api.w.org\/{rel}","templated":true}]}}