{"id":1558,"date":"2010-04-16T08:07:03","date_gmt":"2010-04-16T08:07:03","guid":{"rendered":"http:\/\/tarimhaber.com\/?p=1558"},"modified":"2010-04-16T08:07:03","modified_gmt":"2010-04-16T08:07:03","slug":"cocuklarin-meyve-bahceleri-projesi-adanada-basladi","status":"publish","type":"post","link":"https:\/\/tarimhaber.com\/?p=1558","title":{"rendered":"\u00c7ocuklar\u0131n Meyve Bah\u00e7eleri Projesi Adana`da Ba\u015flad\u0131"},"content":{"rendered":"<p>Cappy, Ankara \u00dcniversitesi AK\u00c7AM ve Milli E\u011fitim Bakanl\u0131\u011f\u0131 i\u015fbirli\u011fiyle ger\u00e7ekle\u015ftirilen proje kapsam\u0131nda, Huzurevleri Mahallesi&#8217;ndeki Atilla \u0130lk\u00f6\u011fretim Okulunda t\u00f6ren ger\u00e7ekle\u015ftirildi. \u00c7ocuklar\u0131n do\u011fayla i\u00e7 i\u00e7e b\u00fcy\u00fcmelerini, tar\u0131msal \u00fcretim ve ekolojik ya\u015fam deneyimi kazanmalar\u0131n\u0131 sa\u011flamay\u0131 ama\u00e7layan proje kapsam\u0131nda, e\u015f zamanl\u0131 olarak, 10 ilk\u00f6\u011fretim okulunun bah\u00e7esi i\u00e7erisinde olu\u015fturulan toplam 3 bin 299 metre karelik alanlara, \u00e7ocuklar taraf\u0131ndan 241 adet, portakal, nektarin, mandalina, erik, \u015feftali, elma, nar ve yenid\u00fcnyadan olu\u015fan fidan dikildi.<\/p>\n","protected":false},"excerpt":{"rendered":"<p>Cappy, Ankara \u00dcniversitesi AK\u00c7AM ve Milli E\u011fitim Bakanl\u0131\u011f\u0131 i\u015fbirli\u011fiyle ger\u00e7ekle\u015ftirilen proje kapsam\u0131nda, Huzurevleri Mahallesi&#8217;ndeki Atilla \u0130lk\u00f6\u011fretim Okulunda t\u00f6ren ger\u00e7ekle\u015ftirildi. \u00c7ocuklar\u0131n do\u011fayla i\u00e7 i\u00e7e b\u00fcy\u00fcmelerini, tar\u0131msal \u00fcretim ve ekolojik ya\u015fam deneyimi&hellip;<\/p>\n","protected":false},"author":1,"featured_media":0,"comment_status":"open","ping_status":"open","sticky":false,"template":"","format":"standard","meta":{"footnotes":""},"categories":[2],"tags":[1482],"class_list":["post-1558","post","type-post","status-publish","format-standard","hentry","category-tarimgentr","tag-http-www-haberler-com-cocuklarin-meyve-bahceleri-projesi-adana-da-haberi-2008782"],"_links":{"self":[{"href":"https:\/\/tarimhaber.com\/index.php?rest_route=\/wp\/v2\/posts\/1558","targetHints":{"allow":["GET"]}}],"collection":[{"href":"https:\/\/tarimhaber.com\/index.php?rest_route=\/wp\/v2\/posts"}],"about":[{"href":"https:\/\/tarimhaber.com\/index.php?rest_route=\/wp\/v2\/types\/post"}],"author":[{"embeddable":true,"href":"https:\/\/tarimhaber.com\/index.php?rest_route=\/wp\/v2\/users\/1"}],"replies":[{"embeddable":true,"href":"https:\/\/tarimhaber.com\/index.php?rest_route=%2Fwp%2Fv2%2Fcomments&post=1558"}],"version-history":[{"count":0,"href":"https:\/\/tarimhaber.com\/index.php?rest_route=\/wp\/v2\/posts\/1558\/revisions"}],"wp:attachment":[{"href":"https:\/\/tarimhaber.com\/index.php?rest_route=%2Fwp%2Fv2%2Fmedia&parent=1558"}],"wp:term":[{"taxonomy":"category","embeddable":true,"href":"https:\/\/tarimhaber.com\/index.php?rest_route=%2Fwp%2Fv2%2Fcategories&post=1558"},{"taxonomy":"post_tag","embeddable":true,"href":"https:\/\/tarimhaber.com\/index.php?rest_route=%2Fwp%2Fv2%2Ftags&post=1558"}],"curies":[{"name":"wp","href":"https:\/\/api.w.org\/{rel}","templated":true}]}}