{"id":1573,"date":"2010-04-23T12:41:20","date_gmt":"2010-04-23T12:41:20","guid":{"rendered":"http:\/\/tarimhaber.com\/?p=1573"},"modified":"2010-04-23T12:41:20","modified_gmt":"2010-04-23T12:41:20","slug":"10-uluslararasi-yem-kongresi-ve-yem-sergisi","status":"publish","type":"post","link":"https:\/\/tarimhaber.com\/?p=1573","title":{"rendered":"10. Uluslararas\u0131 Yem Kongresi ve Yem Sergisi"},"content":{"rendered":"<p>T\u00fcrkiye Yem Sanayicileri Birli\u011fi (TUYEM) Ba\u015fkan\u0131 M. \u00dclk\u00fc Karaku\u015f, hayvansal \u00fcr\u00fcnlerde ve karma yemlerde uygulanan y\u00fczde 8`lik KDV oran\u0131n\u0131n y\u00fczde 1`e indirilmesini istedi. TUYEM 10. Uluslararas\u0131 Yem Kongresi ve Yem Sergisi, Antalya`n\u0131n Kemer il\u00e7esine ba\u011fl\u0131 Tekirova Beldesi`nde ba\u015flad\u0131. Kongreye Tar\u0131m ve K\u00f6yi\u015fleri Bakanl\u0131\u011f\u0131 M\u00fcste\u015far Yard\u0131mc\u0131s\u0131 Nihat Pakdil, T\u00fcrkiye Yem Sanayicileri Birli\u011fi Ba\u015fkan\u0131 M. \u00dclke Karaku\u015f, Tar\u0131m ve K\u00f6yi\u015fleri Bakanl\u0131\u011f\u0131 M\u00fcste\u015far Yard\u0131mc\u0131s\u0131 ve Toprak Mahsulleri Ofisi Genel M\u00fcd\u00fcr Vekili Mesut K\u00f6se, Avrupa Yem Sanayicileri Federasyonu (FEFAC) Divan Kurulu \u00dcyesi Aurelio Sebastian ve birlik \u00fcyesi yem sanayicileri kat\u0131ld\u0131.<\/p>\n","protected":false},"excerpt":{"rendered":"<p>T\u00fcrkiye Yem Sanayicileri Birli\u011fi (TUYEM) Ba\u015fkan\u0131 M. \u00dclk\u00fc Karaku\u015f, hayvansal \u00fcr\u00fcnlerde ve karma yemlerde uygulanan y\u00fczde 8`lik KDV oran\u0131n\u0131n y\u00fczde 1`e indirilmesini istedi. TUYEM 10. Uluslararas\u0131 Yem Kongresi ve Yem&hellip;<\/p>\n","protected":false},"author":1,"featured_media":0,"comment_status":"open","ping_status":"open","sticky":false,"template":"","format":"standard","meta":{"footnotes":""},"categories":[2],"tags":[1279],"class_list":["post-1573","post","type-post","status-publish","format-standard","hentry","category-tarimgentr","tag-http-www-haberler-com-10-uluslararasi-yem-kongresi-ve-yem-sergisi-haberi-2020252"],"_links":{"self":[{"href":"https:\/\/tarimhaber.com\/index.php?rest_route=\/wp\/v2\/posts\/1573","targetHints":{"allow":["GET"]}}],"collection":[{"href":"https:\/\/tarimhaber.com\/index.php?rest_route=\/wp\/v2\/posts"}],"about":[{"href":"https:\/\/tarimhaber.com\/index.php?rest_route=\/wp\/v2\/types\/post"}],"author":[{"embeddable":true,"href":"https:\/\/tarimhaber.com\/index.php?rest_route=\/wp\/v2\/users\/1"}],"replies":[{"embeddable":true,"href":"https:\/\/tarimhaber.com\/index.php?rest_route=%2Fwp%2Fv2%2Fcomments&post=1573"}],"version-history":[{"count":0,"href":"https:\/\/tarimhaber.com\/index.php?rest_route=\/wp\/v2\/posts\/1573\/revisions"}],"wp:attachment":[{"href":"https:\/\/tarimhaber.com\/index.php?rest_route=%2Fwp%2Fv2%2Fmedia&parent=1573"}],"wp:term":[{"taxonomy":"category","embeddable":true,"href":"https:\/\/tarimhaber.com\/index.php?rest_route=%2Fwp%2Fv2%2Fcategories&post=1573"},{"taxonomy":"post_tag","embeddable":true,"href":"https:\/\/tarimhaber.com\/index.php?rest_route=%2Fwp%2Fv2%2Ftags&post=1573"}],"curies":[{"name":"wp","href":"https:\/\/api.w.org\/{rel}","templated":true}]}}