{"id":1802,"date":"2010-06-10T07:37:20","date_gmt":"2010-06-10T07:37:20","guid":{"rendered":"http:\/\/tarimhaber.com\/?p=1802"},"modified":"2010-06-10T07:37:20","modified_gmt":"2010-06-10T07:37:20","slug":"izmirin-ilk-ekolojik-pazari-aciliyor","status":"publish","type":"post","link":"https:\/\/tarimhaber.com\/?p=1802","title":{"rendered":"\u0130zmir`in ilk ekolojik pazar\u0131 a\u00e7\u0131l\u0131yor"},"content":{"rendered":"<p>Kar\u015f\u0131yaka Belediyesi, \u0130zmir Tar\u0131m \u0130l M\u00fcd\u00fcrl\u00fc\u011f\u00fc ve Ekolojik Tar\u0131m Organizasyonu Derne\u011fi (ETO) i\u015fbirli\u011fiyle d\u00fczenlenecek Ekopazar \u0130zmir, 25 Haziran Cuma &#8230;<\/p>\n","protected":false},"excerpt":{"rendered":"<p>Kar\u015f\u0131yaka Belediyesi, \u0130zmir Tar\u0131m \u0130l M\u00fcd\u00fcrl\u00fc\u011f\u00fc ve Ekolojik Tar\u0131m Organizasyonu Derne\u011fi (ETO) i\u015fbirli\u011fiyle d\u00fczenlenecek Ekopazar \u0130zmir, 25 Haziran Cuma &#8230;<\/p>\n","protected":false},"author":1,"featured_media":0,"comment_status":"open","ping_status":"open","sticky":false,"template":"","format":"standard","meta":{"footnotes":""},"categories":[2],"tags":[3068],"class_list":["post-1802","post","type-post","status-publish","format-standard","hentry","category-tarimgentr","tag-http-www-samanyoluhaber-com-x1a_u0dhwe_ywekaaaamwrmotywy2itntu3nc00odcwlwe3njqtnwuwzguwognlmmuz0cpehyo8weaues51tmkhomckgia1-h_423374_izmirin-ilk-ekolojik-pazari-aciliyor-html"],"_links":{"self":[{"href":"https:\/\/tarimhaber.com\/index.php?rest_route=\/wp\/v2\/posts\/1802","targetHints":{"allow":["GET"]}}],"collection":[{"href":"https:\/\/tarimhaber.com\/index.php?rest_route=\/wp\/v2\/posts"}],"about":[{"href":"https:\/\/tarimhaber.com\/index.php?rest_route=\/wp\/v2\/types\/post"}],"author":[{"embeddable":true,"href":"https:\/\/tarimhaber.com\/index.php?rest_route=\/wp\/v2\/users\/1"}],"replies":[{"embeddable":true,"href":"https:\/\/tarimhaber.com\/index.php?rest_route=%2Fwp%2Fv2%2Fcomments&post=1802"}],"version-history":[{"count":0,"href":"https:\/\/tarimhaber.com\/index.php?rest_route=\/wp\/v2\/posts\/1802\/revisions"}],"wp:attachment":[{"href":"https:\/\/tarimhaber.com\/index.php?rest_route=%2Fwp%2Fv2%2Fmedia&parent=1802"}],"wp:term":[{"taxonomy":"category","embeddable":true,"href":"https:\/\/tarimhaber.com\/index.php?rest_route=%2Fwp%2Fv2%2Fcategories&post=1802"},{"taxonomy":"post_tag","embeddable":true,"href":"https:\/\/tarimhaber.com\/index.php?rest_route=%2Fwp%2Fv2%2Ftags&post=1802"}],"curies":[{"name":"wp","href":"https:\/\/api.w.org\/{rel}","templated":true}]}}