{"id":1803,"date":"2010-06-11T06:13:56","date_gmt":"2010-06-11T06:13:56","guid":{"rendered":"http:\/\/tarimhaber.com\/?p=1803"},"modified":"2010-06-11T06:13:56","modified_gmt":"2010-06-11T06:13:56","slug":"bakan-eker-ithal-hayvanda-uretici-uzulmesin","status":"publish","type":"post","link":"https:\/\/tarimhaber.com\/?p=1803","title":{"rendered":"Bakan Eker: \u0130thal hayvanda \u00fcretici \u00fcz\u00fclmesin"},"content":{"rendered":"<p>Tar\u0131m ve K\u00f6yi\u015fleri Bakan\u0131 Mehdi Eker, hayvan ithalat\u0131 konusunda, yerli \u00fcreticilerin endi\u015fe etmesini gerektirecek bir durumun s\u00f6z konusu olmad\u0131\u011f\u0131n\u0131 s\u00f6yledi. &#8230;<\/p>\n","protected":false},"excerpt":{"rendered":"<p>Tar\u0131m ve K\u00f6yi\u015fleri Bakan\u0131 Mehdi Eker, hayvan ithalat\u0131 konusunda, yerli \u00fcreticilerin endi\u015fe etmesini gerektirecek bir durumun s\u00f6z konusu olmad\u0131\u011f\u0131n\u0131 s\u00f6yledi. &#8230;<\/p>\n","protected":false},"author":1,"featured_media":0,"comment_status":"open","ping_status":"open","sticky":false,"template":"","format":"standard","meta":{"footnotes":""},"categories":[2],"tags":[2691],"class_list":["post-1803","post","type-post","status-publish","format-standard","hentry","category-tarimgentr","tag-http-www-mersinhaber-com-gundem-asp656261-bakan-eker-ithal-hayvanda-uretici-uzulmesin-html"],"_links":{"self":[{"href":"https:\/\/tarimhaber.com\/index.php?rest_route=\/wp\/v2\/posts\/1803","targetHints":{"allow":["GET"]}}],"collection":[{"href":"https:\/\/tarimhaber.com\/index.php?rest_route=\/wp\/v2\/posts"}],"about":[{"href":"https:\/\/tarimhaber.com\/index.php?rest_route=\/wp\/v2\/types\/post"}],"author":[{"embeddable":true,"href":"https:\/\/tarimhaber.com\/index.php?rest_route=\/wp\/v2\/users\/1"}],"replies":[{"embeddable":true,"href":"https:\/\/tarimhaber.com\/index.php?rest_route=%2Fwp%2Fv2%2Fcomments&post=1803"}],"version-history":[{"count":0,"href":"https:\/\/tarimhaber.com\/index.php?rest_route=\/wp\/v2\/posts\/1803\/revisions"}],"wp:attachment":[{"href":"https:\/\/tarimhaber.com\/index.php?rest_route=%2Fwp%2Fv2%2Fmedia&parent=1803"}],"wp:term":[{"taxonomy":"category","embeddable":true,"href":"https:\/\/tarimhaber.com\/index.php?rest_route=%2Fwp%2Fv2%2Fcategories&post=1803"},{"taxonomy":"post_tag","embeddable":true,"href":"https:\/\/tarimhaber.com\/index.php?rest_route=%2Fwp%2Fv2%2Ftags&post=1803"}],"curies":[{"name":"wp","href":"https:\/\/api.w.org\/{rel}","templated":true}]}}