{"id":1846,"date":"2010-06-22T10:48:34","date_gmt":"2010-06-22T10:48:34","guid":{"rendered":"http:\/\/tarimhaber.com\/?p=1846"},"modified":"2010-06-22T10:48:34","modified_gmt":"2010-06-22T10:48:34","slug":"meb-6-yeni-tarim-lisesi-acacak","status":"publish","type":"post","link":"https:\/\/tarimhaber.com\/?p=1846","title":{"rendered":"MEB, 6 yeni tar\u0131m lisesi a\u00e7acak"},"content":{"rendered":"<p>Tar\u0131m Teknik Liseleri, Tar\u0131m Teknolojileri, Hayvan Sa\u011fl\u0131\u011f\u0131, Laboratuvar Hizmetleri Alanlar\u0131nda Sekt\u00f6rle \u0130\u015fbirli\u011fi \u00c7al\u0131\u015ftay\u0131, Ankara`da yap\u0131l\u0131yor. \u00c7al\u0131\u015ftay\u0131n a\u00e7\u0131l\u0131\u015f t\u00f6renine Milli E\u011fitim Bakan\u0131 Nimet \u00c7ubuk\u00e7u ile Tar\u0131m ve K\u00f6yi\u015fleri Bakan\u0131 Mehdi Eker de kat\u0131ld\u0131. \u00c7ubuk\u00e7u, mevcut 14 tar\u0131m meslek lisesinin bulundu\u011funu, bu liselerin makine ve cihazlar\u0131n\u0131n yeni teknolojiler ile desteklenmesi i\u00e7in 2 milyon Euro`luk ihale s\u00fcrecinin devam etti\u011fini, tar\u0131m alan\u0131nda \u00e7a\u011f\u0131n gerektirdi\u011fi niteliklere sahip bireylere duyulan ihtiya\u00e7 nedeniyle, bu alanda 6 okulun daha a\u00e7\u0131laca\u011f\u0131n\u0131 s\u00f6yledi.<\/p>\n","protected":false},"excerpt":{"rendered":"<p>Tar\u0131m Teknik Liseleri, Tar\u0131m Teknolojileri, Hayvan Sa\u011fl\u0131\u011f\u0131, Laboratuvar Hizmetleri Alanlar\u0131nda Sekt\u00f6rle \u0130\u015fbirli\u011fi \u00c7al\u0131\u015ftay\u0131, Ankara`da yap\u0131l\u0131yor. \u00c7al\u0131\u015ftay\u0131n a\u00e7\u0131l\u0131\u015f t\u00f6renine Milli E\u011fitim Bakan\u0131 Nimet \u00c7ubuk\u00e7u ile Tar\u0131m ve K\u00f6yi\u015fleri Bakan\u0131 Mehdi Eker&hellip;<\/p>\n","protected":false},"author":1,"featured_media":0,"comment_status":"open","ping_status":"open","sticky":false,"template":"","format":"standard","meta":{"footnotes":""},"categories":[2],"tags":[3594],"class_list":["post-1846","post","type-post","status-publish","format-standard","hentry","category-tarimgentr","tag-http-www-zaman-com-tr-haber-dohaberno998370titlemeb-6-yeni-tarim-lisesi-acacak"],"_links":{"self":[{"href":"https:\/\/tarimhaber.com\/index.php?rest_route=\/wp\/v2\/posts\/1846","targetHints":{"allow":["GET"]}}],"collection":[{"href":"https:\/\/tarimhaber.com\/index.php?rest_route=\/wp\/v2\/posts"}],"about":[{"href":"https:\/\/tarimhaber.com\/index.php?rest_route=\/wp\/v2\/types\/post"}],"author":[{"embeddable":true,"href":"https:\/\/tarimhaber.com\/index.php?rest_route=\/wp\/v2\/users\/1"}],"replies":[{"embeddable":true,"href":"https:\/\/tarimhaber.com\/index.php?rest_route=%2Fwp%2Fv2%2Fcomments&post=1846"}],"version-history":[{"count":0,"href":"https:\/\/tarimhaber.com\/index.php?rest_route=\/wp\/v2\/posts\/1846\/revisions"}],"wp:attachment":[{"href":"https:\/\/tarimhaber.com\/index.php?rest_route=%2Fwp%2Fv2%2Fmedia&parent=1846"}],"wp:term":[{"taxonomy":"category","embeddable":true,"href":"https:\/\/tarimhaber.com\/index.php?rest_route=%2Fwp%2Fv2%2Fcategories&post=1846"},{"taxonomy":"post_tag","embeddable":true,"href":"https:\/\/tarimhaber.com\/index.php?rest_route=%2Fwp%2Fv2%2Ftags&post=1846"}],"curies":[{"name":"wp","href":"https:\/\/api.w.org\/{rel}","templated":true}]}}