{"id":1853,"date":"2010-06-25T07:39:32","date_gmt":"2010-06-25T07:39:32","guid":{"rendered":"http:\/\/tarimhaber.com\/?p=1853"},"modified":"2010-06-25T07:39:32","modified_gmt":"2010-06-25T07:39:32","slug":"findik-ureticisinin-gozu-dalda-kulagi-fiyatta","status":"publish","type":"post","link":"https:\/\/tarimhaber.com\/?p=1853","title":{"rendered":"F\u0131nd\u0131k \u00fcreticisinin g\u00f6z\u00fc dalda, kula\u011f\u0131 fiyatta"},"content":{"rendered":"<p>Giresun Ziraat Odas\u0131 (GZO) Ba\u015fkan\u0131 \u00d6zer Akba\u015fl\u0131, AA muhabirine yapt\u0131\u011f\u0131 a\u00e7\u0131klamada, \u00fclkeye sa\u011flad\u0131\u011f\u0131 \u00f6nemli miktarlardaki d\u00f6viz geliriyle T\u00fcrkiye`nin &#8220;ye\u015fil alt\u0131n\u0131&#8220; olarak adland\u0131r\u0131lan f\u0131nd\u0131\u011f\u0131n hasad\u0131na haftalar kald\u0131\u011f\u0131n\u0131 s\u00f6yledi. F\u0131nd\u0131k Tar\u0131m Sat\u0131\u015f Kooperatifleri Birli\u011fi`nin (F\u0130SKOB\u0130RL\u0130K) ya\u015fad\u0131\u011f\u0131 ekonomik sorunlar nedeniyle piyasaya giremedi\u011fini, bir s\u00fcre al\u0131mlar i\u00e7in g\u00f6revlendirilen Toprak Mahs\u00fclleri Ofisi`nin de (TMO) al\u0131m yapmama karar\u0131 ald\u0131\u011f\u0131n\u0131 belirten Akba\u015fl\u0131, &#8220;Bu nedenle bu y\u0131l f\u0131nd\u0131k fiyat\u0131 serbest piyasa \u015fartlar\u0131nda belirlenecek. K\u0131\u015f\u0131n don riskinden sonra \u00fcretici \u015fimdi de temmuz ay\u0131ndaki a\u015f\u0131r\u0131 s\u0131caklardan dolay\u0131 f\u0131nd\u0131kta olu\u015fabilecek yan\u0131klardan endi\u015feli. Yeni \u00fcr\u00fcn f\u0131nd\u0131k fiyat\u0131 mutlaka Giresun kalite i\u00e7in 6 lira, levan kalite i\u00e7in 5,5 lira olmal\u0131d\u0131r. F\u0131nd\u0131k \u00fcreticisinin g\u00f6z\u00fc dalda, akl\u0131 fiyatta&#8220; dedi.<\/p>\n","protected":false},"excerpt":{"rendered":"<p>Giresun Ziraat Odas\u0131 (GZO) Ba\u015fkan\u0131 \u00d6zer Akba\u015fl\u0131, AA muhabirine yapt\u0131\u011f\u0131 a\u00e7\u0131klamada, \u00fclkeye sa\u011flad\u0131\u011f\u0131 \u00f6nemli miktarlardaki d\u00f6viz geliriyle T\u00fcrkiye`nin &#8220;ye\u015fil alt\u0131n\u0131&#8220; olarak adland\u0131r\u0131lan f\u0131nd\u0131\u011f\u0131n hasad\u0131na haftalar kald\u0131\u011f\u0131n\u0131 s\u00f6yledi. F\u0131nd\u0131k Tar\u0131m Sat\u0131\u015f&hellip;<\/p>\n","protected":false},"author":1,"featured_media":1854,"comment_status":"open","ping_status":"open","sticky":false,"template":"","format":"standard","meta":{"footnotes":""},"categories":[2],"tags":[3595],"class_list":["post-1853","post","type-post","status-publish","format-standard","has-post-thumbnail","hentry","category-tarimgentr","tag-http-www-zaman-com-tr-haber-dohaberno999406titlefindik-ureticisinin-gozu-dalda-kulagi-fiyatta"],"_links":{"self":[{"href":"https:\/\/tarimhaber.com\/index.php?rest_route=\/wp\/v2\/posts\/1853","targetHints":{"allow":["GET"]}}],"collection":[{"href":"https:\/\/tarimhaber.com\/index.php?rest_route=\/wp\/v2\/posts"}],"about":[{"href":"https:\/\/tarimhaber.com\/index.php?rest_route=\/wp\/v2\/types\/post"}],"author":[{"embeddable":true,"href":"https:\/\/tarimhaber.com\/index.php?rest_route=\/wp\/v2\/users\/1"}],"replies":[{"embeddable":true,"href":"https:\/\/tarimhaber.com\/index.php?rest_route=%2Fwp%2Fv2%2Fcomments&post=1853"}],"version-history":[{"count":0,"href":"https:\/\/tarimhaber.com\/index.php?rest_route=\/wp\/v2\/posts\/1853\/revisions"}],"wp:featuredmedia":[{"embeddable":true,"href":"https:\/\/tarimhaber.com\/index.php?rest_route=\/wp\/v2\/media\/1854"}],"wp:attachment":[{"href":"https:\/\/tarimhaber.com\/index.php?rest_route=%2Fwp%2Fv2%2Fmedia&parent=1853"}],"wp:term":[{"taxonomy":"category","embeddable":true,"href":"https:\/\/tarimhaber.com\/index.php?rest_route=%2Fwp%2Fv2%2Fcategories&post=1853"},{"taxonomy":"post_tag","embeddable":true,"href":"https:\/\/tarimhaber.com\/index.php?rest_route=%2Fwp%2Fv2%2Ftags&post=1853"}],"curies":[{"name":"wp","href":"https:\/\/api.w.org\/{rel}","templated":true}]}}