{"id":1869,"date":"2010-06-25T17:09:12","date_gmt":"2010-06-25T17:09:12","guid":{"rendered":"http:\/\/tarimhaber.com\/?p=1869"},"modified":"2010-06-25T17:09:12","modified_gmt":"2010-06-25T17:09:12","slug":"turkiyenin-ilk-organik-urunler-pazari-izmirde-acildi","status":"publish","type":"post","link":"https:\/\/tarimhaber.com\/?p=1869","title":{"rendered":"T\u00fcrkiye`nin \u0130lk Organik \u00dcr\u00fcnler Pazar\u0131 \u0130zmir`de A\u00e7\u0131ld\u0131"},"content":{"rendered":"<p>\u0130zmir B\u00fcy\u00fck\u015fehir Belediyesi \u00d6nc\u00fcl\u00fc\u011f\u00fcnde Kar\u015f\u0131yaka Belediyesi, Tar\u0131m \u0130l M\u00fcd\u00fcrl\u00fc\u011f\u00fc ve Ekolojik Tar\u0131m Organizasyonu Derne\u011fi (Eto) \u0130\u015fbirli\u011fiyle Kurulan T\u00fcrkiye`nin \u0130lk Ekolojik Pazar\u0131 T\u00f6renle Hizmete Girdi.<\/p>\n","protected":false},"excerpt":{"rendered":"<p>\u0130zmir B\u00fcy\u00fck\u015fehir Belediyesi \u00d6nc\u00fcl\u00fc\u011f\u00fcnde Kar\u015f\u0131yaka Belediyesi, Tar\u0131m \u0130l M\u00fcd\u00fcrl\u00fc\u011f\u00fc ve Ekolojik Tar\u0131m Organizasyonu Derne\u011fi (Eto) \u0130\u015fbirli\u011fiyle Kurulan T\u00fcrkiye`nin \u0130lk Ekolojik Pazar\u0131 T\u00f6renle Hizmete Girdi.<\/p>\n","protected":false},"author":1,"featured_media":0,"comment_status":"open","ping_status":"open","sticky":false,"template":"","format":"standard","meta":{"footnotes":""},"categories":[2],"tags":[2075],"class_list":["post-1869","post","type-post","status-publish","format-standard","hentry","category-tarimgentr","tag-http-www-haberler-com-turkiye-nin-ilk-organik-urunler-pazari-izmir-de-2123262-haberi"],"_links":{"self":[{"href":"https:\/\/tarimhaber.com\/index.php?rest_route=\/wp\/v2\/posts\/1869","targetHints":{"allow":["GET"]}}],"collection":[{"href":"https:\/\/tarimhaber.com\/index.php?rest_route=\/wp\/v2\/posts"}],"about":[{"href":"https:\/\/tarimhaber.com\/index.php?rest_route=\/wp\/v2\/types\/post"}],"author":[{"embeddable":true,"href":"https:\/\/tarimhaber.com\/index.php?rest_route=\/wp\/v2\/users\/1"}],"replies":[{"embeddable":true,"href":"https:\/\/tarimhaber.com\/index.php?rest_route=%2Fwp%2Fv2%2Fcomments&post=1869"}],"version-history":[{"count":0,"href":"https:\/\/tarimhaber.com\/index.php?rest_route=\/wp\/v2\/posts\/1869\/revisions"}],"wp:attachment":[{"href":"https:\/\/tarimhaber.com\/index.php?rest_route=%2Fwp%2Fv2%2Fmedia&parent=1869"}],"wp:term":[{"taxonomy":"category","embeddable":true,"href":"https:\/\/tarimhaber.com\/index.php?rest_route=%2Fwp%2Fv2%2Fcategories&post=1869"},{"taxonomy":"post_tag","embeddable":true,"href":"https:\/\/tarimhaber.com\/index.php?rest_route=%2Fwp%2Fv2%2Ftags&post=1869"}],"curies":[{"name":"wp","href":"https:\/\/api.w.org\/{rel}","templated":true}]}}