{"id":1901,"date":"2010-06-30T21:59:39","date_gmt":"2010-06-30T21:59:39","guid":{"rendered":"http:\/\/tarimhaber.com\/?p=1901"},"modified":"2010-06-30T21:59:39","modified_gmt":"2010-06-30T21:59:39","slug":"avrupaya-tarim-ihracatini-40-artiracak-fasil-acildi","status":"publish","type":"post","link":"https:\/\/tarimhaber.com\/?p=1901","title":{"rendered":"Avrupa`ya tar\u0131m ihracat\u0131n\u0131 % 40 art\u0131racak fas\u0131l a\u00e7\u0131ld\u0131"},"content":{"rendered":"<p>AB ile T\u00fcrkiye aras\u0131ndaki m\u00fczakere s\u00fcrecinde \u2018G\u0131da G\u00fcvenli\u011fi, Veterinerlik ve Bitki Sa\u011fl\u0131\u011f\u0131\u2019 fasl\u0131 fasl\u0131, d\u00fcn Br\u00fcksel\u2019de D\u0131\u015fi\u015fleri Bakan\u0131 Ahmet Davuto\u011flu, Devlet Bakan\u0131 ve Ba\u015fm\u00fczakereci Egemen Ba\u011f\u0131\u015f ile Tar\u0131m ve K\u00f6yi\u015fleri Bakan\u0131 Mehdi Eker`in kat\u0131l\u0131m\u0131yla d\u00fczenlenen AB Konseyi\u2019nde \u2018H\u00fck\u00fcmetleraras\u0131 Konferans\u2019la m\u00fczakerelere a\u00e7\u0131ld\u0131. Bu fasl\u0131n a\u00e7\u0131lmas\u0131yla gelecek y\u0131llarda AB\u2019ye tar\u0131m ihracat\u0131n\u0131n y\u00fczde 40 artmas\u0131 \u00f6ng\u00f6r\u00fcl\u00fcyor.<\/p>\n","protected":false},"excerpt":{"rendered":"<p>AB ile T\u00fcrkiye aras\u0131ndaki m\u00fczakere s\u00fcrecinde \u2018G\u0131da G\u00fcvenli\u011fi, Veterinerlik ve Bitki Sa\u011fl\u0131\u011f\u0131\u2019 fasl\u0131 fasl\u0131, d\u00fcn Br\u00fcksel\u2019de D\u0131\u015fi\u015fleri Bakan\u0131 Ahmet Davuto\u011flu, Devlet Bakan\u0131 ve Ba\u015fm\u00fczakereci Egemen Ba\u011f\u0131\u015f ile Tar\u0131m ve K\u00f6yi\u015fleri&hellip;<\/p>\n","protected":false},"author":1,"featured_media":0,"comment_status":"open","ping_status":"open","sticky":false,"template":"","format":"standard","meta":{"footnotes":""},"categories":[2],"tags":[3167],"class_list":["post-1901","post","type-post","status-publish","format-standard","hentry","category-tarimgentr","tag-http-www-stargazete-com-ekonomi-avrupa-ya-tarim-ihracatini-40-artiracak-fasil-acildi-haber-273882-htm"],"_links":{"self":[{"href":"https:\/\/tarimhaber.com\/index.php?rest_route=\/wp\/v2\/posts\/1901","targetHints":{"allow":["GET"]}}],"collection":[{"href":"https:\/\/tarimhaber.com\/index.php?rest_route=\/wp\/v2\/posts"}],"about":[{"href":"https:\/\/tarimhaber.com\/index.php?rest_route=\/wp\/v2\/types\/post"}],"author":[{"embeddable":true,"href":"https:\/\/tarimhaber.com\/index.php?rest_route=\/wp\/v2\/users\/1"}],"replies":[{"embeddable":true,"href":"https:\/\/tarimhaber.com\/index.php?rest_route=%2Fwp%2Fv2%2Fcomments&post=1901"}],"version-history":[{"count":0,"href":"https:\/\/tarimhaber.com\/index.php?rest_route=\/wp\/v2\/posts\/1901\/revisions"}],"wp:attachment":[{"href":"https:\/\/tarimhaber.com\/index.php?rest_route=%2Fwp%2Fv2%2Fmedia&parent=1901"}],"wp:term":[{"taxonomy":"category","embeddable":true,"href":"https:\/\/tarimhaber.com\/index.php?rest_route=%2Fwp%2Fv2%2Fcategories&post=1901"},{"taxonomy":"post_tag","embeddable":true,"href":"https:\/\/tarimhaber.com\/index.php?rest_route=%2Fwp%2Fv2%2Ftags&post=1901"}],"curies":[{"name":"wp","href":"https:\/\/api.w.org\/{rel}","templated":true}]}}