{"id":1918,"date":"2010-07-03T11:55:52","date_gmt":"2010-07-03T11:55:52","guid":{"rendered":"http:\/\/tarimhaber.com\/?p=1918"},"modified":"2010-07-03T11:55:52","modified_gmt":"2010-07-03T11:55:52","slug":"et-fiyatlari-neden-yukseldi","status":"publish","type":"post","link":"https:\/\/tarimhaber.com\/?p=1918","title":{"rendered":"Et fiyatlar\u0131 neden y\u00fckseldi?"},"content":{"rendered":"<p>\u0130thalat\u0131n etkisiyle d\u00fc\u015fen et fiyatlar\u0131 son g\u00fcnlerde tekrar y\u00fckseli\u015fe ge\u00e7ti.Et ve Bal\u0131k Kurumu ve kasaplar, y\u00fckseli\u015fi spek\u00fclatif hareketlere ba\u011fl\u0131yor. \u0130thal etlerin piyasaya s\u00fcr\u00fclmesiyle birlikte karkas etin kilosunun birka\u00e7 g\u00fcn i\u00e7inde 3 lira azalmas\u0131 bekleniyor. EBK ayr\u0131ca ithal et konusunda g\u00fcvence verdi. Son g\u00fcnlerde et fiyatlar\u0131ndaki y\u00fckseli\u015fin ard\u0131ndan Et ve Bal\u0131k Kurumu (EBK) harekete ge\u00e7ti. Spek\u00fclatif hareketler sebebiyle karkas et fiyatlar\u0131n\u0131n 50 kuru\u015f ile 1 lira aras\u0131nda artt\u0131\u011f\u0131n\u0131 belirten EBK Genel M\u00fcd\u00fcr\u00fc Bekir Uluba\u015f, gerekli tedbirin al\u0131naca\u011f\u0131n\u0131 s\u00f6yledi. Uluba\u015f, Bu hareketi k\u0131rmak i\u00e7in s\u0131f\u0131r g\u00fcmr\u00fckle 100 bin ton canl\u0131 kasapl\u0131k ve besilik s\u0131\u011f\u0131r ithalat yetkisini ald\u0131k. Bu harekete m\u00fcsaade etmeyece\u011fiz.&#8220; dedi. Vatanda\u015f\u0131 ithal et konusunda da rahatlatan Uluba\u015f, \u015fimdiye kadar d\u0131\u015far\u0131dan 1 kilo dahi kesilmi\u015f et getirilmedi\u011fine dikkat \u00e7ekti. Bakanlar Kurulu`nun EBK`ya 100 bin ton canl\u0131 s\u0131\u011f\u0131r ithalat\u0131 iznine ili\u015fkin de\u011ferlendirmede bulunan Uluba\u015f, et fiyatlar\u0131n\u0131n daha \u00f6nce de baz\u0131 ki\u015filer taraf\u0131ndan spek\u00fcle edildi\u011fini hat\u0131rlatarak piyasada rahatlama varken bas\u0131na yanl\u0131\u015f bilgi verildi\u011fini kaydetti. EBK ithalat i\u00e7in 70-80 hayvan getirdi, arkas\u0131 yok&#8220; denildi\u011fini ve spek\u00fclatif bir hareket ba\u015flatma \u00e7abas\u0131 i\u00e7ine girenler oldu\u011funu aktaran Genel M\u00fcd\u00fcr Uluba\u015f, Daha \u00f6nce de spek\u00fclatif hareket ba\u015flatanlar Do\u011fu`da, Orta Anadolu`nun do\u011fu k\u0131sm\u0131ndaki b\u00f6lgelerde kasapl\u0131k hayvanlara fazla fiyat vererek \u00fc\u00e7er be\u015fer tosun al\u0131p, `fiyatlar artacak` demeye ba\u015flad\u0131lar. Bug\u00fcn itibar\u0131yla g\u00f6rd\u00fck ki 50 kuru\u015f ile 1 lira aras\u0131nda karkas fiyatlar\u0131nda art\u0131\u015f olu\u015ftu. &#8220; diye konu\u015ftu. Et ithalat\u0131n\u0131n ard\u0131ndan d\u00fc\u015fen fiyatlar\u0131n yeniden y\u00fckseli\u015fe ge\u00e7ti\u011fini aktaran \u0130zmir Kasaplar Odas\u0131 Ba\u015fkan\u0131 Ayd\u0131n Mestanl\u0131 ise EBK`n\u0131n yeni ithal etleri piyasaya arz etmesiyle birlikte fiyatlarda d\u00fc\u015f\u00fc\u015f beklediklerini kaydetti. Mestanl\u0131, Karkas al\u0131m\u0131 13 liraya d\u00fc\u015fm\u00fc\u015ft\u00fc, 16 liray\u0131 buldu. \u00d6n\u00fcm\u00fczdeki g\u00fcnlerde yeniden 13 liraya d\u00fc\u015fer.&#8220; dedi. Mestanl\u0131, son g\u00fcnlerde et fiyatlar\u0131n\u0131n yeniden y\u00fckselmesini birka\u00e7 b\u00fcy\u00fck firman\u0131n spek\u00fclasyon yapmas\u0131na&#8220; ba\u011flad\u0131. Spek\u00fclasyon yapan firmalar\u0131n elemanlar\u0131n\u0131n hayvan pazarlar\u0131na gidip fiyatlar\u0131 y\u00fckseltmeye \u00e7al\u0131\u015ft\u0131klar\u0131n\u0131 belirten Mestanl\u0131, Bizim k\u00fc\u00e7\u00fck besicimiz, esnaf\u0131m\u0131z bunlara inanmas\u0131n. Suni art\u0131\u015f bunlar.&#8220; dedi. Birka\u00e7 ay \u00f6nce 28-30 lira seviyesinde olan et fiyatlar\u0131n\u0131n al\u0131nan \u00f6nlemler sonras\u0131nda 24-26 liraya geriledi\u011fini hat\u0131rlatt\u0131. \u00d6te yandan Ramazan ay\u0131 \u00f6ncesinde vatanda\u015fa ucuz et yedirmek i\u00e7in yap\u0131lan 4 bin tonluk canl\u0131 kasapl\u0131k s\u0131\u011f\u0131r ihalesi tamamland\u0131. Yine en d\u00fc\u015f\u00fck teklifi 4 bin tonun tamam\u0131n\u0131 14 milyon 550 bin dolarla getirmeyi \u00f6neren \u00dcrd\u00fcnl\u00fc Hijazi firmas\u0131 verdi. Daha \u00f6nceki ihaleleri de (8 bin tonluk canl\u0131 kasapl\u0131k s\u0131\u011f\u0131r ve 4 bin tonluk besi danas\u0131) Hijazi firmas\u0131 kazanm\u0131\u015ft\u0131. \u0130stanbul Ticaret Odas\u0131 (\u0130TO) Ba\u015fkan\u0131 Murat Yal\u00e7\u0131nta\u015f, fiyatlar\u0131n y\u00fckselmesi sebebiyle Et ve Bal\u0131k Kurumu`nun (EBK) yapt\u0131\u011f\u0131 ithalat\u0131n fiyatlar\u0131 a\u015fa\u011f\u0131 \u00e7ekemedi\u011fini s\u00f6yledi. \u0130thalat\u0131n fiyatlar\u0131 makul seviyelere \u00e7ekmeye yetmedi\u011fini belirten Yal\u00e7\u0131nta\u015f, acilen yeni bir planlamaya ihtiya\u00e7 oldu\u011funu s\u00f6yledi. H\u00fck\u00fcmetin artan et fiyatlar\u0131n\u0131 d\u00fc\u015f\u00fcrmek i\u00e7in canl\u0131 hayvan ithalat\u0131 yapma karar\u0131n\u0131n do\u011fru oldu\u011funu aktaran Yal\u00e7\u0131nta\u015f, konuya ili\u015fkin yapt\u0131\u011f\u0131 a\u00e7\u0131klamada, et ithalat\u0131 i\u00e7in EBK tekeli yerine, tesis kapasitesi y\u00fcksek, konuya hakim entegre et tesislerine de ithalat ve kesim izni verilmesi gerekti\u011finin alt\u0131n\u0131 \u00e7izdi. Canl\u0131 hayvan ithalat\u0131 yapabilecek bilgi, altyap\u0131 ve tecr\u00fcbeye sahip i\u015fletmelere m\u00fcsaade edilmesinin yerinde olaca\u011f\u0131n\u0131 dile getiren \u0130TO Ba\u015fkan\u0131, T\u00fcrk halk\u0131, ancak spek\u00fclat\u00f6rler ortadan kald\u0131r\u0131l\u0131p besicilik cazip hale getirildi\u011finde ger\u00e7ek fiyat\u0131yla et yiyebilir ve et fiyat\u0131nda istikrar sa\u011flanabilir. \u0130thalat yap\u0131l\u0131rken, gelecek y\u0131llarda da ayn\u0131 s\u0131k\u0131nt\u0131lar\u0131n ya\u015fanmamas\u0131 i\u00e7in \u00fcretimi bug\u00fcnden art\u0131rmal\u0131y\u0131z. D\u00fcnyada 5 dolar olan kemikli karkas etin T\u00fcrkiye`de 12 dolara sat\u0131lmas\u0131 kabul edilemez. D\u00fcnyan\u0131n en pahal\u0131 etini yiyoruz.&#8220; dedi. Lokanta, restoran ve catering firmalar\u0131n\u0131n et fiyatlar\u0131 nedeniyle ciddi s\u0131k\u0131nt\u0131 i\u00e7inde oldu\u011funa i\u015faret eden Yal\u00e7\u0131nta\u015f, rekabet ko\u015fullar\u0131nda yemek firmalar\u0131n\u0131n, et fiyatlar\u0131ndaki art\u0131\u015f\u0131 m\u00fc\u015fterilerine yans\u0131tmas\u0131n\u0131n m\u00fcmk\u00fcn olmad\u0131\u011f\u0131n\u0131, b\u00f6yle olunca da kay\u0131t d\u0131\u015f\u0131l\u0131k ve ka\u00e7ak hayvanc\u0131l\u0131\u011f\u0131n k\u00f6r\u00fcklendi\u011fini ifade etti.<\/p>\n","protected":false},"excerpt":{"rendered":"<p>\u0130thalat\u0131n etkisiyle d\u00fc\u015fen et fiyatlar\u0131 son g\u00fcnlerde tekrar y\u00fckseli\u015fe ge\u00e7ti.Et ve Bal\u0131k Kurumu ve kasaplar, y\u00fckseli\u015fi spek\u00fclatif hareketlere ba\u011fl\u0131yor. \u0130thal etlerin piyasaya s\u00fcr\u00fclmesiyle birlikte karkas etin kilosunun birka\u00e7 g\u00fcn i\u00e7inde&hellip;<\/p>\n","protected":false},"author":1,"featured_media":0,"comment_status":"open","ping_status":"open","sticky":false,"template":"","format":"standard","meta":{"footnotes":""},"categories":[2],"tags":[387],"class_list":["post-1918","post","type-post","status-publish","format-standard","hentry","category-tarimgentr","tag-http-samanyoluhaber-com-h_430083_et-fiyatlari-neden-yukseldi-html"],"_links":{"self":[{"href":"https:\/\/tarimhaber.com\/index.php?rest_route=\/wp\/v2\/posts\/1918","targetHints":{"allow":["GET"]}}],"collection":[{"href":"https:\/\/tarimhaber.com\/index.php?rest_route=\/wp\/v2\/posts"}],"about":[{"href":"https:\/\/tarimhaber.com\/index.php?rest_route=\/wp\/v2\/types\/post"}],"author":[{"embeddable":true,"href":"https:\/\/tarimhaber.com\/index.php?rest_route=\/wp\/v2\/users\/1"}],"replies":[{"embeddable":true,"href":"https:\/\/tarimhaber.com\/index.php?rest_route=%2Fwp%2Fv2%2Fcomments&post=1918"}],"version-history":[{"count":0,"href":"https:\/\/tarimhaber.com\/index.php?rest_route=\/wp\/v2\/posts\/1918\/revisions"}],"wp:attachment":[{"href":"https:\/\/tarimhaber.com\/index.php?rest_route=%2Fwp%2Fv2%2Fmedia&parent=1918"}],"wp:term":[{"taxonomy":"category","embeddable":true,"href":"https:\/\/tarimhaber.com\/index.php?rest_route=%2Fwp%2Fv2%2Fcategories&post=1918"},{"taxonomy":"post_tag","embeddable":true,"href":"https:\/\/tarimhaber.com\/index.php?rest_route=%2Fwp%2Fv2%2Ftags&post=1918"}],"curies":[{"name":"wp","href":"https:\/\/api.w.org\/{rel}","templated":true}]}}