{"id":2077,"date":"2010-08-25T08:04:24","date_gmt":"2010-08-25T08:04:24","guid":{"rendered":"http:\/\/tarimhaber.com\/?p=2077"},"modified":"2010-08-25T08:04:24","modified_gmt":"2010-08-25T08:04:24","slug":"ermenistan-kayisi-festivali-bizim","status":"publish","type":"post","link":"https:\/\/tarimhaber.com\/?p=2077","title":{"rendered":"Ermenistan: Kay\u0131s\u0131 Festivali bizim"},"content":{"rendered":"<p>Ermenistan, \u00f6n\u00fcm\u00fczdeki y\u0131ldan itibaren \u201cAlt\u0131n Kay\u0131s\u0131 Uluslararas\u0131 Film Festivali\u201d d\u00fczenleme karar\u0131 alan Malatya\u2019ya kar\u015f\u0131 uluslararas\u0131 mahkemelerde dava a\u00e7acak. Ermeni news.am ajans\u0131n\u0131n haberine g\u00f6re, 2004\u2019ten beri Erivan\u2019da \u201cAlt\u0131n Kay\u0131s\u0131\u201d ad\u0131yla uluslararas\u0131 film festivali d\u00fczenlediklerini \u00f6ne s\u00fcren Ermeni festival komitesi, dava i\u00e7in gerekli giri\u015fimleri ba\u015flatt\u0131klar\u0131n\u0131 a\u00e7\u0131klad\u0131.<\/p>\n","protected":false},"excerpt":{"rendered":"<p>Ermenistan, \u00f6n\u00fcm\u00fczdeki y\u0131ldan itibaren \u201cAlt\u0131n Kay\u0131s\u0131 Uluslararas\u0131 Film Festivali\u201d d\u00fczenleme karar\u0131 alan Malatya\u2019ya kar\u015f\u0131 uluslararas\u0131 mahkemelerde dava a\u00e7acak. Ermeni news.am ajans\u0131n\u0131n haberine g\u00f6re, 2004\u2019ten beri Erivan\u2019da \u201cAlt\u0131n Kay\u0131s\u0131\u201d ad\u0131yla uluslararas\u0131&hellip;<\/p>\n","protected":false},"author":1,"featured_media":2078,"comment_status":"open","ping_status":"open","sticky":false,"template":"","format":"standard","meta":{"footnotes":""},"categories":[2],"tags":[314],"class_list":["post-2077","post","type-post","status-publish","format-standard","has-post-thumbnail","hentry","category-tarimgentr","tag-http-haber-mynet-com-detay-guncel-ermenistan-kayisi-festivali-bizim-529063utm_sourcemynetutm_mediumwwwutm_campaignhome_haber_image"],"_links":{"self":[{"href":"https:\/\/tarimhaber.com\/index.php?rest_route=\/wp\/v2\/posts\/2077","targetHints":{"allow":["GET"]}}],"collection":[{"href":"https:\/\/tarimhaber.com\/index.php?rest_route=\/wp\/v2\/posts"}],"about":[{"href":"https:\/\/tarimhaber.com\/index.php?rest_route=\/wp\/v2\/types\/post"}],"author":[{"embeddable":true,"href":"https:\/\/tarimhaber.com\/index.php?rest_route=\/wp\/v2\/users\/1"}],"replies":[{"embeddable":true,"href":"https:\/\/tarimhaber.com\/index.php?rest_route=%2Fwp%2Fv2%2Fcomments&post=2077"}],"version-history":[{"count":0,"href":"https:\/\/tarimhaber.com\/index.php?rest_route=\/wp\/v2\/posts\/2077\/revisions"}],"wp:featuredmedia":[{"embeddable":true,"href":"https:\/\/tarimhaber.com\/index.php?rest_route=\/wp\/v2\/media\/2078"}],"wp:attachment":[{"href":"https:\/\/tarimhaber.com\/index.php?rest_route=%2Fwp%2Fv2%2Fmedia&parent=2077"}],"wp:term":[{"taxonomy":"category","embeddable":true,"href":"https:\/\/tarimhaber.com\/index.php?rest_route=%2Fwp%2Fv2%2Fcategories&post=2077"},{"taxonomy":"post_tag","embeddable":true,"href":"https:\/\/tarimhaber.com\/index.php?rest_route=%2Fwp%2Fv2%2Ftags&post=2077"}],"curies":[{"name":"wp","href":"https:\/\/api.w.org\/{rel}","templated":true}]}}