{"id":2083,"date":"2010-08-26T02:48:37","date_gmt":"2010-08-26T02:48:37","guid":{"rendered":"http:\/\/tarimhaber.com\/?p=2083"},"modified":"2010-08-26T02:48:37","modified_gmt":"2010-08-26T02:48:37","slug":"ukrayna-tahil-ihracatina-konan-kisitlamayi-kaldirdi","status":"publish","type":"post","link":"https:\/\/tarimhaber.com\/?p=2083","title":{"rendered":"Ukrayna Tah\u0131l \u0130hracat\u0131na Konan K\u0131s\u0131tlamay\u0131 Kald\u0131rd\u0131"},"content":{"rendered":"<p>Tar\u0131m Bakan\u0131 Mikola Prisiajniuk, kota uygulamas\u0131 karar\u0131n\u0131n s\u00fcresiz olarak kald\u0131r\u0131ld\u0131\u011f\u0131n\u0131 s\u00f6yledi. Tar\u0131m Bakanl\u0131\u011f\u0131, ge\u00e7en hafta, 1 Eyl\u00fcl`den y\u0131l sonuna kadar &#8230;<\/p>\n","protected":false},"excerpt":{"rendered":"<p>Tar\u0131m Bakan\u0131 Mikola Prisiajniuk, kota uygulamas\u0131 karar\u0131n\u0131n s\u00fcresiz olarak kald\u0131r\u0131ld\u0131\u011f\u0131n\u0131 s\u00f6yledi. Tar\u0131m Bakanl\u0131\u011f\u0131, ge\u00e7en hafta, 1 Eyl\u00fcl`den y\u0131l sonuna kadar &#8230;<\/p>\n","protected":false},"author":1,"featured_media":2084,"comment_status":"open","ping_status":"open","sticky":false,"template":"","format":"standard","meta":{"footnotes":""},"categories":[2],"tags":[3352],"class_list":["post-2083","post","type-post","status-publish","format-standard","has-post-thumbnail","hentry","category-tarimgentr","tag-http-www-voanews-com-turkish-news-ukrayna-tahl-hracatna-konan-kstlamay-kaldrd-101528048-html"],"_links":{"self":[{"href":"https:\/\/tarimhaber.com\/index.php?rest_route=\/wp\/v2\/posts\/2083","targetHints":{"allow":["GET"]}}],"collection":[{"href":"https:\/\/tarimhaber.com\/index.php?rest_route=\/wp\/v2\/posts"}],"about":[{"href":"https:\/\/tarimhaber.com\/index.php?rest_route=\/wp\/v2\/types\/post"}],"author":[{"embeddable":true,"href":"https:\/\/tarimhaber.com\/index.php?rest_route=\/wp\/v2\/users\/1"}],"replies":[{"embeddable":true,"href":"https:\/\/tarimhaber.com\/index.php?rest_route=%2Fwp%2Fv2%2Fcomments&post=2083"}],"version-history":[{"count":0,"href":"https:\/\/tarimhaber.com\/index.php?rest_route=\/wp\/v2\/posts\/2083\/revisions"}],"wp:featuredmedia":[{"embeddable":true,"href":"https:\/\/tarimhaber.com\/index.php?rest_route=\/wp\/v2\/media\/2084"}],"wp:attachment":[{"href":"https:\/\/tarimhaber.com\/index.php?rest_route=%2Fwp%2Fv2%2Fmedia&parent=2083"}],"wp:term":[{"taxonomy":"category","embeddable":true,"href":"https:\/\/tarimhaber.com\/index.php?rest_route=%2Fwp%2Fv2%2Fcategories&post=2083"},{"taxonomy":"post_tag","embeddable":true,"href":"https:\/\/tarimhaber.com\/index.php?rest_route=%2Fwp%2Fv2%2Ftags&post=2083"}],"curies":[{"name":"wp","href":"https:\/\/api.w.org\/{rel}","templated":true}]}}