{"id":2105,"date":"2010-09-01T10:52:29","date_gmt":"2010-09-01T10:52:29","guid":{"rendered":"http:\/\/tarimhaber.com\/?p=2105"},"modified":"2010-09-01T10:52:29","modified_gmt":"2010-09-01T10:52:29","slug":"burdurda-hayvan-pazarlari-kapatildi","status":"publish","type":"post","link":"https:\/\/tarimhaber.com\/?p=2105","title":{"rendered":"Burdur`da hayvan pazarlar\u0131 kapat\u0131ld\u0131"},"content":{"rendered":"<p>Burdur Tar\u0131m \u0130l M\u00fcd\u00fcrl\u00fc\u011f\u00fc\u2019nden yap\u0131lan yaz\u0131l\u0131 a\u00e7\u0131klamada, Aziziye, Akyaka, \u00c7endik k\u00f6yleri ile B\u00fc\u011fd\u00fcz, Ba\u011fsaray ve \u00dcrk\u00fctl\u00fc beldelerinde \u015fap hastal\u0131\u011f\u0131 g\u00f6r\u00fclmesi nedeniyle \u0130l Hayvan Sa\u011fl\u0131\u011f\u0131 Zab\u0131tas\u0131 Komisyonu\u2019nun hastal\u0131k tamamen ge\u00e7inceye kadar hayvan pazarlar\u0131n\u0131n kapat\u0131lmas\u0131na karar verdi\u011fi bildirildi. Son g\u00fcnlerde ardarda gelen pazar kapatma kararlar\u0131 ve bu karara sebep olan \u015fap hastal\u0131\u011f\u0131n\u0131n kontrol edilememesi hayvanc\u0131l\u0131k sekt\u00f6r\u00fcn\u00fc endi\u015feli bir bekleyi\u015fe sevk ediyor.<\/p>\n","protected":false},"excerpt":{"rendered":"<p>Burdur Tar\u0131m \u0130l M\u00fcd\u00fcrl\u00fc\u011f\u00fc\u2019nden yap\u0131lan yaz\u0131l\u0131 a\u00e7\u0131klamada, Aziziye, Akyaka, \u00c7endik k\u00f6yleri ile B\u00fc\u011fd\u00fcz, Ba\u011fsaray ve \u00dcrk\u00fctl\u00fc beldelerinde \u015fap hastal\u0131\u011f\u0131 g\u00f6r\u00fclmesi nedeniyle \u0130l Hayvan Sa\u011fl\u0131\u011f\u0131 Zab\u0131tas\u0131 Komisyonu\u2019nun hastal\u0131k tamamen ge\u00e7inceye kadar&hellip;<\/p>\n","protected":false},"author":1,"featured_media":0,"comment_status":"open","ping_status":"open","sticky":false,"template":"","format":"standard","meta":{"footnotes":""},"categories":[2],"tags":[2475],"class_list":["post-2105","post","type-post","status-publish","format-standard","hentry","category-tarimgentr","tag-http-www-internethaber-com-burdur-burdurda-hayvan-pazarlari-kapatildi-288485h-htm"],"_links":{"self":[{"href":"https:\/\/tarimhaber.com\/index.php?rest_route=\/wp\/v2\/posts\/2105","targetHints":{"allow":["GET"]}}],"collection":[{"href":"https:\/\/tarimhaber.com\/index.php?rest_route=\/wp\/v2\/posts"}],"about":[{"href":"https:\/\/tarimhaber.com\/index.php?rest_route=\/wp\/v2\/types\/post"}],"author":[{"embeddable":true,"href":"https:\/\/tarimhaber.com\/index.php?rest_route=\/wp\/v2\/users\/1"}],"replies":[{"embeddable":true,"href":"https:\/\/tarimhaber.com\/index.php?rest_route=%2Fwp%2Fv2%2Fcomments&post=2105"}],"version-history":[{"count":0,"href":"https:\/\/tarimhaber.com\/index.php?rest_route=\/wp\/v2\/posts\/2105\/revisions"}],"wp:attachment":[{"href":"https:\/\/tarimhaber.com\/index.php?rest_route=%2Fwp%2Fv2%2Fmedia&parent=2105"}],"wp:term":[{"taxonomy":"category","embeddable":true,"href":"https:\/\/tarimhaber.com\/index.php?rest_route=%2Fwp%2Fv2%2Fcategories&post=2105"},{"taxonomy":"post_tag","embeddable":true,"href":"https:\/\/tarimhaber.com\/index.php?rest_route=%2Fwp%2Fv2%2Ftags&post=2105"}],"curies":[{"name":"wp","href":"https:\/\/api.w.org\/{rel}","templated":true}]}}