{"id":2107,"date":"2010-09-01T14:30:41","date_gmt":"2010-09-01T14:30:41","guid":{"rendered":"http:\/\/tarimhaber.com\/?p=2107"},"modified":"2010-09-01T14:30:41","modified_gmt":"2010-09-01T14:30:41","slug":"susehri-tarim-meslek-lisesine-ogrenci-on-kayitlari-basladi","status":"publish","type":"post","link":"https:\/\/tarimhaber.com\/?p=2107","title":{"rendered":"Su\u015fehri Tar\u0131m Meslek Lisesi`ne \u00d6\u011frenci \u00d6n Kay\u0131tlar\u0131 Ba\u015flad\u0131 &#8230;"},"content":{"rendered":"<p>Sivas`\u0131n Su\u015fehri il\u00e7esinde 2010-2011 e\u011fitim \u00f6\u011fretim y\u0131l\u0131nda yeni a\u00e7\u0131lan Su\u015fehri Tar\u0131m Meslek Lisesi`ne \u00f6\u011frenci \u00f6n kay\u0131tlar\u0131n\u0131n ba\u015flad\u0131\u011f\u0131 bildirildi.<\/p>\n","protected":false},"excerpt":{"rendered":"<p>Sivas`\u0131n Su\u015fehri il\u00e7esinde 2010-2011 e\u011fitim \u00f6\u011fretim y\u0131l\u0131nda yeni a\u00e7\u0131lan Su\u015fehri Tar\u0131m Meslek Lisesi`ne \u00f6\u011frenci \u00f6n kay\u0131tlar\u0131n\u0131n ba\u015flad\u0131\u011f\u0131 bildirildi.<\/p>\n","protected":false},"author":1,"featured_media":0,"comment_status":"open","ping_status":"open","sticky":false,"template":"","format":"standard","meta":{"footnotes":""},"categories":[2],"tags":[631],"class_list":["post-2107","post","type-post","status-publish","format-standard","hentry","category-tarimgentr","tag-http-www-beyazgazete-com-haber-2010-09-01-susehri-tarim-meslek-lisesi-ne-ogrenci-on-kayitlari-basladi-html"],"_links":{"self":[{"href":"https:\/\/tarimhaber.com\/index.php?rest_route=\/wp\/v2\/posts\/2107","targetHints":{"allow":["GET"]}}],"collection":[{"href":"https:\/\/tarimhaber.com\/index.php?rest_route=\/wp\/v2\/posts"}],"about":[{"href":"https:\/\/tarimhaber.com\/index.php?rest_route=\/wp\/v2\/types\/post"}],"author":[{"embeddable":true,"href":"https:\/\/tarimhaber.com\/index.php?rest_route=\/wp\/v2\/users\/1"}],"replies":[{"embeddable":true,"href":"https:\/\/tarimhaber.com\/index.php?rest_route=%2Fwp%2Fv2%2Fcomments&post=2107"}],"version-history":[{"count":0,"href":"https:\/\/tarimhaber.com\/index.php?rest_route=\/wp\/v2\/posts\/2107\/revisions"}],"wp:attachment":[{"href":"https:\/\/tarimhaber.com\/index.php?rest_route=%2Fwp%2Fv2%2Fmedia&parent=2107"}],"wp:term":[{"taxonomy":"category","embeddable":true,"href":"https:\/\/tarimhaber.com\/index.php?rest_route=%2Fwp%2Fv2%2Fcategories&post=2107"},{"taxonomy":"post_tag","embeddable":true,"href":"https:\/\/tarimhaber.com\/index.php?rest_route=%2Fwp%2Fv2%2Ftags&post=2107"}],"curies":[{"name":"wp","href":"https:\/\/api.w.org\/{rel}","templated":true}]}}