{"id":2129,"date":"2010-09-07T12:33:15","date_gmt":"2010-09-07T12:33:15","guid":{"rendered":"http:\/\/tarimhaber.com\/?p=2129"},"modified":"2010-09-07T12:33:15","modified_gmt":"2010-09-07T12:33:15","slug":"safranin-uretim-alani-genisleyecek","status":"publish","type":"post","link":"https:\/\/tarimhaber.com\/?p=2129","title":{"rendered":"Safran`\u0131n \u00fcretim alan\u0131 geni\u015fleyecek"},"content":{"rendered":"<p>\u00c7EY \u015eube M\u00fcd\u00fcr\u00fc Ahmet K\u00fc\u00e7\u00fckhaskul ve Safranbolu \u0130l\u00e7e Tar\u0131m M\u00fcd\u00fcr\u00fc \u00c7etin Ayval\u0131k ile teknik elemanlar ve \u00fcreticilerin haz\u0131r bulundu\u011fu tarla g\u00fcn\u00fcnde bilgiler &#8230;<\/p>\n","protected":false},"excerpt":{"rendered":"<p>\u00c7EY \u015eube M\u00fcd\u00fcr\u00fc Ahmet K\u00fc\u00e7\u00fckhaskul ve Safranbolu \u0130l\u00e7e Tar\u0131m M\u00fcd\u00fcr\u00fc \u00c7etin Ayval\u0131k ile teknik elemanlar ve \u00fcreticilerin haz\u0131r bulundu\u011fu tarla g\u00fcn\u00fcnde bilgiler &#8230;<\/p>\n","protected":false},"author":1,"featured_media":0,"comment_status":"open","ping_status":"open","sticky":false,"template":"","format":"standard","meta":{"footnotes":""},"categories":[2],"tags":[2484],"class_list":["post-2129","post","type-post","status-publish","format-standard","hentry","category-tarimgentr","tag-http-www-internethaber-com-karabuk-safranbolu-safranin-uretim-alani-genisleyecek-290412h-htm"],"_links":{"self":[{"href":"https:\/\/tarimhaber.com\/index.php?rest_route=\/wp\/v2\/posts\/2129","targetHints":{"allow":["GET"]}}],"collection":[{"href":"https:\/\/tarimhaber.com\/index.php?rest_route=\/wp\/v2\/posts"}],"about":[{"href":"https:\/\/tarimhaber.com\/index.php?rest_route=\/wp\/v2\/types\/post"}],"author":[{"embeddable":true,"href":"https:\/\/tarimhaber.com\/index.php?rest_route=\/wp\/v2\/users\/1"}],"replies":[{"embeddable":true,"href":"https:\/\/tarimhaber.com\/index.php?rest_route=%2Fwp%2Fv2%2Fcomments&post=2129"}],"version-history":[{"count":0,"href":"https:\/\/tarimhaber.com\/index.php?rest_route=\/wp\/v2\/posts\/2129\/revisions"}],"wp:attachment":[{"href":"https:\/\/tarimhaber.com\/index.php?rest_route=%2Fwp%2Fv2%2Fmedia&parent=2129"}],"wp:term":[{"taxonomy":"category","embeddable":true,"href":"https:\/\/tarimhaber.com\/index.php?rest_route=%2Fwp%2Fv2%2Fcategories&post=2129"},{"taxonomy":"post_tag","embeddable":true,"href":"https:\/\/tarimhaber.com\/index.php?rest_route=%2Fwp%2Fv2%2Ftags&post=2129"}],"curies":[{"name":"wp","href":"https:\/\/api.w.org\/{rel}","templated":true}]}}