{"id":2131,"date":"2010-09-08T06:14:33","date_gmt":"2010-09-08T06:14:33","guid":{"rendered":"http:\/\/tarimhaber.com\/?p=2131"},"modified":"2010-09-08T06:14:33","modified_gmt":"2010-09-08T06:14:33","slug":"bugdaydaki-yukselis-diger-tarimsal-emtia-fiyatlarini-da-yukari-cekmeye-basladi","status":"publish","type":"post","link":"https:\/\/tarimhaber.com\/?p=2131","title":{"rendered":"Bu\u011fdaydaki y\u00fckseli\u015f, di\u011fer tar\u0131msal emtia fiyatlar\u0131n\u0131 da yukar\u0131 \u00e7ekmeye ba\u015flad\u0131"},"content":{"rendered":"<p>Tar\u0131msal emtialarda volatilite b\u00fct\u00fcn h\u0131z\u0131yla s\u00fcrerken tah\u0131llardaki fiyat y\u00fckseli\u015fi di\u011fer tar\u0131msal emtialara da s\u0131\u00e7ramaya ba\u015flad\u0131. Ge\u00e7en haftan\u0131n ikinci yar\u0131s\u0131nda bu\u011fday yeniden y\u00fckseli\u015fe ge\u00e7ti. Tar\u0131msal Servisler \u015eirketi AgriPro\u2019nun 6 Eyl\u00fcl tarihli piyasa analizinde, ge\u00e7en haftan\u0131n son 3 i\u015flem g\u00fcn\u00fc FAO\u2019in bu\u011fday raporuyla birlikte fiyat\u0131 artmaya ba\u015flayan bu\u011fday\u0131n, haftal\u0131k bazda ton ba\u015f\u0131na $17 kadar bir art\u0131\u015f ya\u015farken beraberinde t\u00fcm tar\u0131msal emtialar\u0131 da yukar\u0131 \u00e7ekmeye ba\u015flad\u0131\u011f\u0131 belirtildi.<\/p>\n","protected":false},"excerpt":{"rendered":"<p>Tar\u0131msal emtialarda volatilite b\u00fct\u00fcn h\u0131z\u0131yla s\u00fcrerken tah\u0131llardaki fiyat y\u00fckseli\u015fi di\u011fer tar\u0131msal emtialara da s\u0131\u00e7ramaya ba\u015flad\u0131. Ge\u00e7en haftan\u0131n ikinci yar\u0131s\u0131nda bu\u011fday yeniden y\u00fckseli\u015fe ge\u00e7ti. Tar\u0131msal Servisler \u015eirketi AgriPro\u2019nun 6 Eyl\u00fcl tarihli&hellip;<\/p>\n","protected":false},"author":1,"featured_media":0,"comment_status":"open","ping_status":"open","sticky":false,"template":"","format":"standard","meta":{"footnotes":""},"categories":[2],"tags":[1003],"class_list":["post-2131","post","type-post","status-publish","format-standard","hentry","category-tarimgentr","tag-http-www-gidasanayii-com-modules-phpnamenewsfilearticlesid16972"],"_links":{"self":[{"href":"https:\/\/tarimhaber.com\/index.php?rest_route=\/wp\/v2\/posts\/2131","targetHints":{"allow":["GET"]}}],"collection":[{"href":"https:\/\/tarimhaber.com\/index.php?rest_route=\/wp\/v2\/posts"}],"about":[{"href":"https:\/\/tarimhaber.com\/index.php?rest_route=\/wp\/v2\/types\/post"}],"author":[{"embeddable":true,"href":"https:\/\/tarimhaber.com\/index.php?rest_route=\/wp\/v2\/users\/1"}],"replies":[{"embeddable":true,"href":"https:\/\/tarimhaber.com\/index.php?rest_route=%2Fwp%2Fv2%2Fcomments&post=2131"}],"version-history":[{"count":0,"href":"https:\/\/tarimhaber.com\/index.php?rest_route=\/wp\/v2\/posts\/2131\/revisions"}],"wp:attachment":[{"href":"https:\/\/tarimhaber.com\/index.php?rest_route=%2Fwp%2Fv2%2Fmedia&parent=2131"}],"wp:term":[{"taxonomy":"category","embeddable":true,"href":"https:\/\/tarimhaber.com\/index.php?rest_route=%2Fwp%2Fv2%2Fcategories&post=2131"},{"taxonomy":"post_tag","embeddable":true,"href":"https:\/\/tarimhaber.com\/index.php?rest_route=%2Fwp%2Fv2%2Ftags&post=2131"}],"curies":[{"name":"wp","href":"https:\/\/api.w.org\/{rel}","templated":true}]}}