{"id":2136,"date":"2010-09-07T15:44:38","date_gmt":"2010-09-07T15:44:38","guid":{"rendered":"http:\/\/tarimhaber.com\/?p=2136"},"modified":"2010-09-07T15:44:38","modified_gmt":"2010-09-07T15:44:38","slug":"birlikten-ayrilmak-istiyoruz","status":"publish","type":"post","link":"https:\/\/tarimhaber.com\/?p=2136","title":{"rendered":"Birlikten ayr\u0131lmak istiyoruz"},"content":{"rendered":"<p>144 Nolu \u00c7ine Tari\u015f Zeytin ve Zeytinya\u011f\u0131 Kooperatifi Ba\u015fkan\u0131 Enver G\u00f6kbel, Tari\u015f Zeytin ve Zeytinya\u011f\u0131 Birli\u011fi`nin son d\u00f6rt y\u0131ld\u0131r s\u00fcrekli kar eden kooperatiflerinin geli\u015fmesinin \u00f6n\u00fcnde b\u00fcy\u00fck bir engel oldu\u011funu s\u00f6yledi. G\u00f6kbel, birlikten ayr\u0131lma konusunda kendilerini durduran unsurun kooperatiflerine ve ortaklar\u0131n\u0131 ne gibi zararlar gelece\u011fini a\u00e7\u0131k\u00e7a belirtemeyen ana s\u00f6zle\u015fme oldu\u011funu kaydetti.<\/p>\n","protected":false},"excerpt":{"rendered":"<p>144 Nolu \u00c7ine Tari\u015f Zeytin ve Zeytinya\u011f\u0131 Kooperatifi Ba\u015fkan\u0131 Enver G\u00f6kbel, Tari\u015f Zeytin ve Zeytinya\u011f\u0131 Birli\u011fi`nin son d\u00f6rt y\u0131ld\u0131r s\u00fcrekli kar eden kooperatiflerinin geli\u015fmesinin \u00f6n\u00fcnde b\u00fcy\u00fck bir engel oldu\u011funu s\u00f6yledi.&hellip;<\/p>\n","protected":false},"author":1,"featured_media":0,"comment_status":"open","ping_status":"open","sticky":false,"template":"","format":"standard","meta":{"footnotes":""},"categories":[2],"tags":[273],"class_list":["post-2136","post","type-post","status-publish","format-standard","hentry","category-tarimgentr","tag-http-groups-google-com-tr-group-zeytindostu"],"_links":{"self":[{"href":"https:\/\/tarimhaber.com\/index.php?rest_route=\/wp\/v2\/posts\/2136","targetHints":{"allow":["GET"]}}],"collection":[{"href":"https:\/\/tarimhaber.com\/index.php?rest_route=\/wp\/v2\/posts"}],"about":[{"href":"https:\/\/tarimhaber.com\/index.php?rest_route=\/wp\/v2\/types\/post"}],"author":[{"embeddable":true,"href":"https:\/\/tarimhaber.com\/index.php?rest_route=\/wp\/v2\/users\/1"}],"replies":[{"embeddable":true,"href":"https:\/\/tarimhaber.com\/index.php?rest_route=%2Fwp%2Fv2%2Fcomments&post=2136"}],"version-history":[{"count":0,"href":"https:\/\/tarimhaber.com\/index.php?rest_route=\/wp\/v2\/posts\/2136\/revisions"}],"wp:attachment":[{"href":"https:\/\/tarimhaber.com\/index.php?rest_route=%2Fwp%2Fv2%2Fmedia&parent=2136"}],"wp:term":[{"taxonomy":"category","embeddable":true,"href":"https:\/\/tarimhaber.com\/index.php?rest_route=%2Fwp%2Fv2%2Fcategories&post=2136"},{"taxonomy":"post_tag","embeddable":true,"href":"https:\/\/tarimhaber.com\/index.php?rest_route=%2Fwp%2Fv2%2Ftags&post=2136"}],"curies":[{"name":"wp","href":"https:\/\/api.w.org\/{rel}","templated":true}]}}