{"id":2170,"date":"2010-09-18T22:53:15","date_gmt":"2010-09-18T22:53:15","guid":{"rendered":"http:\/\/tarimhaber.com\/?p=2170"},"modified":"2010-09-18T22:53:15","modified_gmt":"2010-09-18T22:53:15","slug":"ithal-canli-hayvan-fiyati-dusurmedi-abnin-karkas-etine-de-kapi-acildi","status":"publish","type":"post","link":"https:\/\/tarimhaber.com\/?p=2170","title":{"rendered":"\u0130thal canl\u0131 hayvan fiyat\u0131 d\u00fc\u015f\u00fcrmedi, AB\u2019nin \u2018karkas eti\u2019ne de kap\u0131 a\u00e7\u0131ld\u0131"},"content":{"rendered":"<p>Tar\u0131m ve K\u00f6y \u0130\u015fleri Bakanl\u0131\u011f\u0131, et fiyatlar\u0131n\u0131n artmas\u0131 \u00fczerine Et Bal\u0131k Kurumu ihaleleri yoluyla ba\u015flad\u0131\u011f\u0131 kasapl\u0131k hayvan ve besi hayvan\u0131 ithalat\u0131ndan sonra karkas et ithalat\u0131na da ba\u015flanaca\u011f\u0131n\u0131 a\u00e7\u0131klad\u0131. Bakanl\u0131k, \u201cEt piyasas\u0131na ithalat yoluyla m\u00fcdahale edilmesi gerekli g\u00f6r\u00fclm\u00fc\u015ft\u00fcr. D\u00fcnya Hayvan Sa\u011fl\u0131\u011f\u0131 \u00d6rg\u00fct\u00fc, AB \u00fclkelerini de ithalat yap\u0131labilir \u00fclkeler aras\u0131na ald\u0131\u201d hat\u0131rlatmas\u0131n\u0131 yapt\u0131. A\u00e7\u0131klamada, AB ile hayvansal \u00fcr\u00fcn ticaretini de d\u00fczenleyen ve 1998 y\u0131l\u0131nda y\u00fcr\u00fcrl\u00fcl\u00fc\u011fe girmek \u00fczere daha \u00f6nce imzalanan 1\/98 Say\u0131l\u0131 Ortakl\u0131k Konseyi Karar\u0131\u2019ndaki taahh\u00fcd\u00fcn yerine getirilece\u011fi de bildirildi.<\/p>\n","protected":false},"excerpt":{"rendered":"<p>Tar\u0131m ve K\u00f6y \u0130\u015fleri Bakanl\u0131\u011f\u0131, et fiyatlar\u0131n\u0131n artmas\u0131 \u00fczerine Et Bal\u0131k Kurumu ihaleleri yoluyla ba\u015flad\u0131\u011f\u0131 kasapl\u0131k hayvan ve besi hayvan\u0131 ithalat\u0131ndan sonra karkas et ithalat\u0131na da ba\u015flanaca\u011f\u0131n\u0131 a\u00e7\u0131klad\u0131. Bakanl\u0131k, \u201cEt&hellip;<\/p>\n","protected":false},"author":1,"featured_media":2171,"comment_status":"open","ping_status":"open","sticky":false,"template":"","format":"standard","meta":{"footnotes":""},"categories":[2],"tags":[2329],"class_list":["post-2170","post","type-post","status-publish","format-standard","has-post-thumbnail","hentry","category-tarimgentr","tag-http-www-hurriyet-com-tr-ekonomi-15815577-aspgid254"],"_links":{"self":[{"href":"https:\/\/tarimhaber.com\/index.php?rest_route=\/wp\/v2\/posts\/2170","targetHints":{"allow":["GET"]}}],"collection":[{"href":"https:\/\/tarimhaber.com\/index.php?rest_route=\/wp\/v2\/posts"}],"about":[{"href":"https:\/\/tarimhaber.com\/index.php?rest_route=\/wp\/v2\/types\/post"}],"author":[{"embeddable":true,"href":"https:\/\/tarimhaber.com\/index.php?rest_route=\/wp\/v2\/users\/1"}],"replies":[{"embeddable":true,"href":"https:\/\/tarimhaber.com\/index.php?rest_route=%2Fwp%2Fv2%2Fcomments&post=2170"}],"version-history":[{"count":0,"href":"https:\/\/tarimhaber.com\/index.php?rest_route=\/wp\/v2\/posts\/2170\/revisions"}],"wp:featuredmedia":[{"embeddable":true,"href":"https:\/\/tarimhaber.com\/index.php?rest_route=\/"}],"wp:attachment":[{"href":"https:\/\/tarimhaber.com\/index.php?rest_route=%2Fwp%2Fv2%2Fmedia&parent=2170"}],"wp:term":[{"taxonomy":"category","embeddable":true,"href":"https:\/\/tarimhaber.com\/index.php?rest_route=%2Fwp%2Fv2%2Fcategories&post=2170"},{"taxonomy":"post_tag","embeddable":true,"href":"https:\/\/tarimhaber.com\/index.php?rest_route=%2Fwp%2Fv2%2Ftags&post=2170"}],"curies":[{"name":"wp","href":"https:\/\/api.w.org\/{rel}","templated":true}]}}