{"id":2177,"date":"2010-09-19T11:01:35","date_gmt":"2010-09-19T11:01:35","guid":{"rendered":"http:\/\/tarimhaber.com\/?p=2177"},"modified":"2010-09-19T11:01:35","modified_gmt":"2010-09-19T11:01:35","slug":"ulker-meyve-suyu-icin-almanlarla-el-sikisti","status":"publish","type":"post","link":"https:\/\/tarimhaber.com\/?p=2177","title":{"rendered":"\u00dclker, meyve suyu i\u00e7in  Almanlarla el s\u0131k\u0131\u015ft\u0131"},"content":{"rendered":"<p>\u00dclker Grubu`nun \u00e7at\u0131 kurulu\u015fu olan Y\u0131ld\u0131z Holding, meyve suyu \u00fcretimi i\u00e7in Alman Eckes ile anla\u015ft\u0131. Y\u0131ld\u0131z Holding, \u00e7ay pazar\u0131nda da Alman Laurens Spethman ile i\u015fbirli\u011fine gitmi\u015fti.<\/p>\n","protected":false},"excerpt":{"rendered":"<p>\u00dclker Grubu`nun \u00e7at\u0131 kurulu\u015fu olan Y\u0131ld\u0131z Holding, meyve suyu \u00fcretimi i\u00e7in Alman Eckes ile anla\u015ft\u0131. Y\u0131ld\u0131z Holding, \u00e7ay pazar\u0131nda da Alman Laurens Spethman ile i\u015fbirli\u011fine gitmi\u015fti.<\/p>\n","protected":false},"author":1,"featured_media":0,"comment_status":"open","ping_status":"open","sticky":false,"template":"","format":"standard","meta":{"footnotes":""},"categories":[2],"tags":[2970],"class_list":["post-2177","post","type-post","status-publish","format-standard","hentry","category-tarimgentr","tag-http-www-referansgazetesi-com-haber-aspxhbr_kod143871"],"_links":{"self":[{"href":"https:\/\/tarimhaber.com\/index.php?rest_route=\/wp\/v2\/posts\/2177","targetHints":{"allow":["GET"]}}],"collection":[{"href":"https:\/\/tarimhaber.com\/index.php?rest_route=\/wp\/v2\/posts"}],"about":[{"href":"https:\/\/tarimhaber.com\/index.php?rest_route=\/wp\/v2\/types\/post"}],"author":[{"embeddable":true,"href":"https:\/\/tarimhaber.com\/index.php?rest_route=\/wp\/v2\/users\/1"}],"replies":[{"embeddable":true,"href":"https:\/\/tarimhaber.com\/index.php?rest_route=%2Fwp%2Fv2%2Fcomments&post=2177"}],"version-history":[{"count":0,"href":"https:\/\/tarimhaber.com\/index.php?rest_route=\/wp\/v2\/posts\/2177\/revisions"}],"wp:attachment":[{"href":"https:\/\/tarimhaber.com\/index.php?rest_route=%2Fwp%2Fv2%2Fmedia&parent=2177"}],"wp:term":[{"taxonomy":"category","embeddable":true,"href":"https:\/\/tarimhaber.com\/index.php?rest_route=%2Fwp%2Fv2%2Fcategories&post=2177"},{"taxonomy":"post_tag","embeddable":true,"href":"https:\/\/tarimhaber.com\/index.php?rest_route=%2Fwp%2Fv2%2Ftags&post=2177"}],"curies":[{"name":"wp","href":"https:\/\/api.w.org\/{rel}","templated":true}]}}