{"id":2190,"date":"2010-09-22T12:51:42","date_gmt":"2010-09-22T12:51:42","guid":{"rendered":"http:\/\/tarimhaber.com\/?p=2190"},"modified":"2010-09-22T12:51:42","modified_gmt":"2010-09-22T12:51:42","slug":"kesimlik-hayvan-degil-buzagi-ithal-edilsin","status":"publish","type":"post","link":"https:\/\/tarimhaber.com\/?p=2190","title":{"rendered":"`Kesimlik Hayvan De\u011fil, Buza\u011f\u0131 \u0130thal Edilsin`"},"content":{"rendered":"<p>Kurban Bayram\u0131 \u00f6ncesi hayvanc\u0131l\u0131kla u\u011fra\u015fan kurumlar, piyasadaki s\u0131k\u0131nt\u0131lar\u0131 dile getirmek i\u00e7in Tar\u0131m ve K\u00f6yi\u015fleri Bakanl\u0131\u011f\u0131`n\u0131 g\u00f6reve \u00e7a\u011f\u0131rd\u0131. T\u00fcrkiye Yem Sanayicileri Birli\u011fi (T\u00fcrkiyem-Bir) Y\u00f6netim Kurulu Ba\u015fkan\u0131 Murat \u00dclk\u00fc Karaku\u015f, D\u0131\u015f Ticaret M\u00fc\u015fte\u015farl\u0131\u011f\u0131`na resmi ba\u015fvuru yaparak, yemlik hammaddelere uygulanan ithalat vergilerinin s\u0131f\u0131rlanmas\u0131n\u0131 istedi. \u0130zmir Kasaplar Odas\u0131 Ba\u015fkan\u0131 Ayd\u0131n Mestanl\u0131 ise, Buza\u011f\u0131 ithal edilsin. T\u00fcrkiye`ye uyumlar\u0131 sa\u011flan\u0131rsa hayvanc\u0131l\u0131\u011fa ve et fiyatlar\u0131na ila\u00e7 olur. \u00f6nerisini getirdi.<\/p>\n","protected":false},"excerpt":{"rendered":"<p>Kurban Bayram\u0131 \u00f6ncesi hayvanc\u0131l\u0131kla u\u011fra\u015fan kurumlar, piyasadaki s\u0131k\u0131nt\u0131lar\u0131 dile getirmek i\u00e7in Tar\u0131m ve K\u00f6yi\u015fleri Bakanl\u0131\u011f\u0131`n\u0131 g\u00f6reve \u00e7a\u011f\u0131rd\u0131. T\u00fcrkiye Yem Sanayicileri Birli\u011fi (T\u00fcrkiyem-Bir) Y\u00f6netim Kurulu Ba\u015fkan\u0131 Murat \u00dclk\u00fc Karaku\u015f, D\u0131\u015f Ticaret&hellip;<\/p>\n","protected":false},"author":1,"featured_media":0,"comment_status":"open","ping_status":"open","sticky":false,"template":"","format":"standard","meta":{"footnotes":""},"categories":[2],"tags":[1712],"class_list":["post-2190","post","type-post","status-publish","format-standard","hentry","category-tarimgentr","tag-http-www-haberler-com-kesimlik-hayvan-degil-buzagi-ithal-edilsin-2247551-haberi"],"_links":{"self":[{"href":"https:\/\/tarimhaber.com\/index.php?rest_route=\/wp\/v2\/posts\/2190","targetHints":{"allow":["GET"]}}],"collection":[{"href":"https:\/\/tarimhaber.com\/index.php?rest_route=\/wp\/v2\/posts"}],"about":[{"href":"https:\/\/tarimhaber.com\/index.php?rest_route=\/wp\/v2\/types\/post"}],"author":[{"embeddable":true,"href":"https:\/\/tarimhaber.com\/index.php?rest_route=\/wp\/v2\/users\/1"}],"replies":[{"embeddable":true,"href":"https:\/\/tarimhaber.com\/index.php?rest_route=%2Fwp%2Fv2%2Fcomments&post=2190"}],"version-history":[{"count":0,"href":"https:\/\/tarimhaber.com\/index.php?rest_route=\/wp\/v2\/posts\/2190\/revisions"}],"wp:attachment":[{"href":"https:\/\/tarimhaber.com\/index.php?rest_route=%2Fwp%2Fv2%2Fmedia&parent=2190"}],"wp:term":[{"taxonomy":"category","embeddable":true,"href":"https:\/\/tarimhaber.com\/index.php?rest_route=%2Fwp%2Fv2%2Fcategories&post=2190"},{"taxonomy":"post_tag","embeddable":true,"href":"https:\/\/tarimhaber.com\/index.php?rest_route=%2Fwp%2Fv2%2Ftags&post=2190"}],"curies":[{"name":"wp","href":"https:\/\/api.w.org\/{rel}","templated":true}]}}