{"id":219272,"date":"2025-07-27T00:24:57","date_gmt":"2025-07-27T00:24:57","guid":{"rendered":"http:\/\/tarimhaber.com\/?p=219272"},"modified":"2025-07-27T00:24:57","modified_gmt":"2025-07-27T00:24:57","slug":"igdirda-aniz-yangini-tarlalara-sicradi","status":"publish","type":"post","link":"https:\/\/tarimhaber.com\/?p=219272","title":{"rendered":"I\u011fd\u0131r&apos;da An\u0131z Yang\u0131n\u0131 Tarlalara S\u0131\u00e7rad\u0131"},"content":{"rendered":"<p>I\u011fd\u0131r&#8217;\u0131n Karakoyunlu il\u00e7esinde, hasad\u0131 tamamlanm\u0131\u015f bu\u011fday tarlas\u0131nda \u00e7\u0131kan an\u0131z yang\u0131n\u0131, r\u00fczgar\u0131n etkisiyle h\u0131zla yay\u0131larak \u00e7evredeki di\u011fer tarlalara da s\u0131\u00e7rad\u0131. Yang\u0131n\u0131n, tarla sahipleri taraf\u0131ndan bilin\u00e7li olarak \u00e7\u0131kar\u0131ld\u0131\u011f\u0131 iddia ediliyor.<\/p>\n<p>Kaynak: <a href=\"https:\/\/www.haberler.com\/3-sayfa\/igdir-da-aniz-yangini-tarlalara-sicradi-18888308-haberi\/\" target=\"_blank\" class=\"feedzy-rss-link-icon\">Read More<\/a><\/p>","protected":false},"excerpt":{"rendered":"<p>I\u011fd\u0131r&#8217;\u0131n Karakoyunlu il\u00e7esinde, hasad\u0131 tamamlanm\u0131\u015f bu\u011fday tarlas\u0131nda \u00e7\u0131kan an\u0131z yang\u0131n\u0131, r\u00fczgar\u0131n etkisiyle h\u0131zla yay\u0131larak \u00e7evredeki di\u011fer tarlalara da s\u0131\u00e7rad\u0131. Yang\u0131n\u0131n, tarla sahipleri taraf\u0131ndan bilin\u00e7li olarak \u00e7\u0131kar\u0131ld\u0131\u011f\u0131 iddia ediliyor. Kaynak: Read&hellip;<\/p>\n","protected":false},"author":0,"featured_media":219273,"comment_status":"open","ping_status":"open","sticky":false,"template":"","format":"standard","meta":{"footnotes":""},"categories":[4200],"tags":[],"class_list":["post-219272","post","type-post","status-publish","format-standard","has-post-thumbnail","hentry","category-guncel-haberler"],"_links":{"self":[{"href":"https:\/\/tarimhaber.com\/index.php?rest_route=\/wp\/v2\/posts\/219272","targetHints":{"allow":["GET"]}}],"collection":[{"href":"https:\/\/tarimhaber.com\/index.php?rest_route=\/wp\/v2\/posts"}],"about":[{"href":"https:\/\/tarimhaber.com\/index.php?rest_route=\/wp\/v2\/types\/post"}],"replies":[{"embeddable":true,"href":"https:\/\/tarimhaber.com\/index.php?rest_route=%2Fwp%2Fv2%2Fcomments&post=219272"}],"version-history":[{"count":0,"href":"https:\/\/tarimhaber.com\/index.php?rest_route=\/wp\/v2\/posts\/219272\/revisions"}],"wp:featuredmedia":[{"embeddable":true,"href":"https:\/\/tarimhaber.com\/index.php?rest_route=\/wp\/v2\/media\/219273"}],"wp:attachment":[{"href":"https:\/\/tarimhaber.com\/index.php?rest_route=%2Fwp%2Fv2%2Fmedia&parent=219272"}],"wp:term":[{"taxonomy":"category","embeddable":true,"href":"https:\/\/tarimhaber.com\/index.php?rest_route=%2Fwp%2Fv2%2Fcategories&post=219272"},{"taxonomy":"post_tag","embeddable":true,"href":"https:\/\/tarimhaber.com\/index.php?rest_route=%2Fwp%2Fv2%2Ftags&post=219272"}],"curies":[{"name":"wp","href":"https:\/\/api.w.org\/{rel}","templated":true}]}}