{"id":219274,"date":"2025-07-27T00:24:58","date_gmt":"2025-07-27T00:24:58","guid":{"rendered":"http:\/\/tarimhaber.com\/?p=219274"},"modified":"2025-07-27T00:24:58","modified_gmt":"2025-07-27T00:24:58","slug":"usakta-orman-yangini-ketenlik-koyu-tahliye-edildi","status":"publish","type":"post","link":"https:\/\/tarimhaber.com\/?p=219274","title":{"rendered":"U\u015fak&apos;ta Orman Yang\u0131n\u0131: Ketenlik K\u00f6y\u00fc Tahliye Edildi"},"content":{"rendered":"<p>U\u015fak&#8217;\u0131n Sivasl\u0131 il\u00e7esinde me\u015felik alanda ba\u015flayan yang\u0131na karadan m\u00fcdahale ediliyor. Yang\u0131n nedeniyle Ketenlik k\u00f6y\u00fc, 2 mahalle ve 1 k\u00f6y tahliye edilirken bir\u00e7ok evde hasar olu\u015ftu. Yang\u0131n\u0131 s\u00f6nd\u00fcrme \u00e7al\u0131\u015fmalar\u0131 s\u00fcr\u00fcyor.<\/p>\n<p>Kaynak: <a href=\"https:\/\/www.haberler.com\/guncel\/usak-ta-orman-yangini-ketenlik-koyu-tahliye-edildi-18888182-haberi\/\" target=\"_blank\" class=\"feedzy-rss-link-icon\">Read More<\/a><\/p>","protected":false},"excerpt":{"rendered":"<p>U\u015fak&#8217;\u0131n Sivasl\u0131 il\u00e7esinde me\u015felik alanda ba\u015flayan yang\u0131na karadan m\u00fcdahale ediliyor. Yang\u0131n nedeniyle Ketenlik k\u00f6y\u00fc, 2 mahalle ve 1 k\u00f6y tahliye edilirken bir\u00e7ok evde hasar olu\u015ftu. Yang\u0131n\u0131 s\u00f6nd\u00fcrme \u00e7al\u0131\u015fmalar\u0131 s\u00fcr\u00fcyor. Kaynak:&hellip;<\/p>\n","protected":false},"author":0,"featured_media":0,"comment_status":"open","ping_status":"open","sticky":false,"template":"","format":"standard","meta":{"footnotes":""},"categories":[4200],"tags":[],"class_list":["post-219274","post","type-post","status-publish","format-standard","hentry","category-guncel-haberler"],"_links":{"self":[{"href":"https:\/\/tarimhaber.com\/index.php?rest_route=\/wp\/v2\/posts\/219274","targetHints":{"allow":["GET"]}}],"collection":[{"href":"https:\/\/tarimhaber.com\/index.php?rest_route=\/wp\/v2\/posts"}],"about":[{"href":"https:\/\/tarimhaber.com\/index.php?rest_route=\/wp\/v2\/types\/post"}],"replies":[{"embeddable":true,"href":"https:\/\/tarimhaber.com\/index.php?rest_route=%2Fwp%2Fv2%2Fcomments&post=219274"}],"version-history":[{"count":0,"href":"https:\/\/tarimhaber.com\/index.php?rest_route=\/wp\/v2\/posts\/219274\/revisions"}],"wp:attachment":[{"href":"https:\/\/tarimhaber.com\/index.php?rest_route=%2Fwp%2Fv2%2Fmedia&parent=219274"}],"wp:term":[{"taxonomy":"category","embeddable":true,"href":"https:\/\/tarimhaber.com\/index.php?rest_route=%2Fwp%2Fv2%2Fcategories&post=219274"},{"taxonomy":"post_tag","embeddable":true,"href":"https:\/\/tarimhaber.com\/index.php?rest_route=%2Fwp%2Fv2%2Ftags&post=219274"}],"curies":[{"name":"wp","href":"https:\/\/api.w.org\/{rel}","templated":true}]}}