{"id":219275,"date":"2025-07-27T00:24:59","date_gmt":"2025-07-27T00:24:59","guid":{"rendered":"http:\/\/tarimhaber.com\/?p=219275"},"modified":"2025-07-27T00:24:59","modified_gmt":"2025-07-27T00:24:59","slug":"karabukte-orman-yangini-4-gunde-kontrol-altina-alinmaya-calisiliyor","status":"publish","type":"post","link":"https:\/\/tarimhaber.com\/?p=219275","title":{"rendered":"Karab\u00fck&apos;te Orman Yang\u0131n\u0131 4. G\u00fcnde Kontrol Alt\u0131na Al\u0131nmaya \u00c7al\u0131\u015f\u0131l\u0131yor"},"content":{"rendered":"<p>Safranbolu il\u00e7esindeki ormanl\u0131k alanda \u00e7\u0131kan yang\u0131na m\u00fcdahale s\u00fcr\u00fcyor. Ekipler, yang\u0131n\u0131n yay\u0131ld\u0131\u011f\u0131 b\u00f6lgelere havadan ve karadan m\u00fcdahale ediyor. Yang\u0131n nedeniyle bir\u00e7ok k\u00f6y ve mahalle tahliye edildi.<\/p>\n<p>Kaynak: <a href=\"https:\/\/www.haberler.com\/guncel\/karabuk-te-orman-yangini-4-gunde-kontrol-altina-alinmaya-calisiliyor-18888142-haberi\/\" target=\"_blank\" class=\"feedzy-rss-link-icon\">Read More<\/a><\/p>","protected":false},"excerpt":{"rendered":"<p>Safranbolu il\u00e7esindeki ormanl\u0131k alanda \u00e7\u0131kan yang\u0131na m\u00fcdahale s\u00fcr\u00fcyor. Ekipler, yang\u0131n\u0131n yay\u0131ld\u0131\u011f\u0131 b\u00f6lgelere havadan ve karadan m\u00fcdahale ediyor. Yang\u0131n nedeniyle bir\u00e7ok k\u00f6y ve mahalle tahliye edildi. Kaynak: Read More<\/p>\n","protected":false},"author":0,"featured_media":0,"comment_status":"open","ping_status":"open","sticky":false,"template":"","format":"standard","meta":{"footnotes":""},"categories":[4200],"tags":[],"class_list":["post-219275","post","type-post","status-publish","format-standard","hentry","category-guncel-haberler"],"_links":{"self":[{"href":"https:\/\/tarimhaber.com\/index.php?rest_route=\/wp\/v2\/posts\/219275","targetHints":{"allow":["GET"]}}],"collection":[{"href":"https:\/\/tarimhaber.com\/index.php?rest_route=\/wp\/v2\/posts"}],"about":[{"href":"https:\/\/tarimhaber.com\/index.php?rest_route=\/wp\/v2\/types\/post"}],"replies":[{"embeddable":true,"href":"https:\/\/tarimhaber.com\/index.php?rest_route=%2Fwp%2Fv2%2Fcomments&post=219275"}],"version-history":[{"count":0,"href":"https:\/\/tarimhaber.com\/index.php?rest_route=\/wp\/v2\/posts\/219275\/revisions"}],"wp:attachment":[{"href":"https:\/\/tarimhaber.com\/index.php?rest_route=%2Fwp%2Fv2%2Fmedia&parent=219275"}],"wp:term":[{"taxonomy":"category","embeddable":true,"href":"https:\/\/tarimhaber.com\/index.php?rest_route=%2Fwp%2Fv2%2Fcategories&post=219275"},{"taxonomy":"post_tag","embeddable":true,"href":"https:\/\/tarimhaber.com\/index.php?rest_route=%2Fwp%2Fv2%2Ftags&post=219275"}],"curies":[{"name":"wp","href":"https:\/\/api.w.org\/{rel}","templated":true}]}}