{"id":219279,"date":"2025-07-27T00:25:00","date_gmt":"2025-07-27T00:25:00","guid":{"rendered":"http:\/\/tarimhaber.com\/?p=219279"},"modified":"2025-07-27T00:25:00","modified_gmt":"2025-07-27T00:25:00","slug":"karabukte-orman-yangini-150-hayvan-guvenli-bolgeye-alindi","status":"publish","type":"post","link":"https:\/\/tarimhaber.com\/?p=219279","title":{"rendered":"Karab\u00fck&apos;te Orman Yang\u0131n\u0131: 150 Hayvan G\u00fcvenli B\u00f6lgeye Al\u0131nd\u0131"},"content":{"rendered":"<p>Karab\u00fck&#8217;\u00fcn \u00dc\u00e7ba\u015flar k\u00f6y\u00fcnde \u00e7\u0131kan orman yang\u0131n\u0131 nedeniyle 150 b\u00fcy\u00fck ve k\u00fc\u00e7\u00fckba\u015f hayvan g\u00fcvenli bir alana tahliye edildi. Yang\u0131n\u0131n yerle\u015fim yerine ula\u015fmas\u0131, ekiplerin karadan ve havadan m\u00fcdahalesi ile \u00f6nlendi.<\/p>\n<p>Kaynak: <a href=\"https:\/\/www.haberler.com\/3-sayfa\/karabuk-te-orman-yangini-150-hayvan-guvenli-bolgeye-alindi-18888006-haberi\/\" target=\"_blank\" class=\"feedzy-rss-link-icon\">Read More<\/a><\/p>","protected":false},"excerpt":{"rendered":"<p>Karab\u00fck&#8217;\u00fcn \u00dc\u00e7ba\u015flar k\u00f6y\u00fcnde \u00e7\u0131kan orman yang\u0131n\u0131 nedeniyle 150 b\u00fcy\u00fck ve k\u00fc\u00e7\u00fckba\u015f hayvan g\u00fcvenli bir alana tahliye edildi. Yang\u0131n\u0131n yerle\u015fim yerine ula\u015fmas\u0131, ekiplerin karadan ve havadan m\u00fcdahalesi ile \u00f6nlendi. Kaynak: Read&hellip;<\/p>\n","protected":false},"author":0,"featured_media":219280,"comment_status":"open","ping_status":"open","sticky":false,"template":"","format":"standard","meta":{"footnotes":""},"categories":[4200],"tags":[],"class_list":["post-219279","post","type-post","status-publish","format-standard","has-post-thumbnail","hentry","category-guncel-haberler"],"_links":{"self":[{"href":"https:\/\/tarimhaber.com\/index.php?rest_route=\/wp\/v2\/posts\/219279","targetHints":{"allow":["GET"]}}],"collection":[{"href":"https:\/\/tarimhaber.com\/index.php?rest_route=\/wp\/v2\/posts"}],"about":[{"href":"https:\/\/tarimhaber.com\/index.php?rest_route=\/wp\/v2\/types\/post"}],"replies":[{"embeddable":true,"href":"https:\/\/tarimhaber.com\/index.php?rest_route=%2Fwp%2Fv2%2Fcomments&post=219279"}],"version-history":[{"count":0,"href":"https:\/\/tarimhaber.com\/index.php?rest_route=\/wp\/v2\/posts\/219279\/revisions"}],"wp:featuredmedia":[{"embeddable":true,"href":"https:\/\/tarimhaber.com\/index.php?rest_route=\/wp\/v2\/media\/219280"}],"wp:attachment":[{"href":"https:\/\/tarimhaber.com\/index.php?rest_route=%2Fwp%2Fv2%2Fmedia&parent=219279"}],"wp:term":[{"taxonomy":"category","embeddable":true,"href":"https:\/\/tarimhaber.com\/index.php?rest_route=%2Fwp%2Fv2%2Fcategories&post=219279"},{"taxonomy":"post_tag","embeddable":true,"href":"https:\/\/tarimhaber.com\/index.php?rest_route=%2Fwp%2Fv2%2Ftags&post=219279"}],"curies":[{"name":"wp","href":"https:\/\/api.w.org\/{rel}","templated":true}]}}