{"id":219283,"date":"2025-07-27T00:25:02","date_gmt":"2025-07-27T00:25:02","guid":{"rendered":"http:\/\/tarimhaber.com\/?p=219283"},"modified":"2025-07-27T00:25:02","modified_gmt":"2025-07-27T00:25:02","slug":"tarim-ve-orman-bakani-yumakli-turkiyede-76-yangin-ile-mucadele-edildigini-acikladi","status":"publish","type":"post","link":"https:\/\/tarimhaber.com\/?p=219283","title":{"rendered":"Tar\u0131m ve Orman Bakan\u0131 Yumakl\u0131, T\u00fcrkiye&apos;de 76 Yang\u0131n \u0130le M\u00fccadele Edildi\u011fini A\u00e7\u0131klad\u0131"},"content":{"rendered":"<p>Tar\u0131m ve Orman Bakan\u0131 \u0130brahim Yumakl\u0131, g\u00fcn i\u00e7inde 28&#8217;i ormanl\u0131k, 48&#8217;i k\u0131rsal alanda olmak \u00fczere toplam 76 yang\u0131n ile m\u00fccadele ettiklerini, Antalya Gazipa\u015fa ve Mersin Silifke&#8217;deki yang\u0131nlar\u0131n kontrol alt\u0131na al\u0131nd\u0131\u011f\u0131n\u0131 belirtti. Ayr\u0131ca, s\u0131cak hava ko\u015fullar\u0131n\u0131n yang\u0131n riskini art\u0131rd\u0131\u011f\u0131na dikkat \u00e7ekti.<\/p>\n<p>Kaynak: <a href=\"https:\/\/www.haberler.com\/politika\/tarim-ve-orman-bakani-yumakli-turkiye-de-76-yangin-ile-mucadele-edildigini-acikladi-18887896-haberi\/\" target=\"_blank\" class=\"feedzy-rss-link-icon\">Read More<\/a><\/p>","protected":false},"excerpt":{"rendered":"<p>Tar\u0131m ve Orman Bakan\u0131 \u0130brahim Yumakl\u0131, g\u00fcn i\u00e7inde 28&#8217;i ormanl\u0131k, 48&#8217;i k\u0131rsal alanda olmak \u00fczere toplam 76 yang\u0131n ile m\u00fccadele ettiklerini, Antalya Gazipa\u015fa ve Mersin Silifke&#8217;deki yang\u0131nlar\u0131n kontrol alt\u0131na al\u0131nd\u0131\u011f\u0131n\u0131&hellip;<\/p>\n","protected":false},"author":0,"featured_media":219284,"comment_status":"open","ping_status":"open","sticky":false,"template":"","format":"standard","meta":{"footnotes":""},"categories":[4200],"tags":[],"class_list":["post-219283","post","type-post","status-publish","format-standard","has-post-thumbnail","hentry","category-guncel-haberler"],"_links":{"self":[{"href":"https:\/\/tarimhaber.com\/index.php?rest_route=\/wp\/v2\/posts\/219283","targetHints":{"allow":["GET"]}}],"collection":[{"href":"https:\/\/tarimhaber.com\/index.php?rest_route=\/wp\/v2\/posts"}],"about":[{"href":"https:\/\/tarimhaber.com\/index.php?rest_route=\/wp\/v2\/types\/post"}],"replies":[{"embeddable":true,"href":"https:\/\/tarimhaber.com\/index.php?rest_route=%2Fwp%2Fv2%2Fcomments&post=219283"}],"version-history":[{"count":0,"href":"https:\/\/tarimhaber.com\/index.php?rest_route=\/wp\/v2\/posts\/219283\/revisions"}],"wp:featuredmedia":[{"embeddable":true,"href":"https:\/\/tarimhaber.com\/index.php?rest_route=\/wp\/v2\/media\/219284"}],"wp:attachment":[{"href":"https:\/\/tarimhaber.com\/index.php?rest_route=%2Fwp%2Fv2%2Fmedia&parent=219283"}],"wp:term":[{"taxonomy":"category","embeddable":true,"href":"https:\/\/tarimhaber.com\/index.php?rest_route=%2Fwp%2Fv2%2Fcategories&post=219283"},{"taxonomy":"post_tag","embeddable":true,"href":"https:\/\/tarimhaber.com\/index.php?rest_route=%2Fwp%2Fv2%2Ftags&post=219283"}],"curies":[{"name":"wp","href":"https:\/\/api.w.org\/{rel}","templated":true}]}}