{"id":219317,"date":"2025-07-27T06:24:03","date_gmt":"2025-07-27T06:24:03","guid":{"rendered":"https:\/\/tarimhaber.com\/?p=219317"},"modified":"2025-07-27T06:24:03","modified_gmt":"2025-07-27T06:24:03","slug":"bakan-uraloglu-bursa-orman-yanginini-yerinde-inceledi","status":"publish","type":"post","link":"https:\/\/tarimhaber.com\/?p=219317","title":{"rendered":"Bakan Uralo\u011flu, Bursa Orman Yang\u0131n\u0131n\u0131 Yerinde \u0130nceledi"},"content":{"rendered":"<p>Ula\u015ft\u0131rma ve Altyap\u0131 Bakan\u0131 Abdulkadir Uralo\u011flu, Bursa&#8217;daki orman yang\u0131n\u0131yla ilgili inceleme yapt\u0131. Yang\u0131n b\u00f6lgesinde sabah\u0131n erken saatlerine kadar s\u00fcren \u00e7al\u0131\u015fmalar\u0131 de\u011ferlendiren Uralo\u011flu, m\u00fcdahalenin s\u00fcrekli oldu\u011funu ve r\u00fczgar\u0131n durumunu yak\u0131ndan takip ettiklerini belirtti.<\/p>\n<p>Kaynak: <a href=\"https:\/\/www.haberler.com\/guncel\/bakan-uraloglu-bursa-orman-yanginini-yerinde-inceledi-18888447-haberi\/\" target=\"_blank\" class=\"feedzy-rss-link-icon\">Read More<\/a><\/p>","protected":false},"excerpt":{"rendered":"<p>Ula\u015ft\u0131rma ve Altyap\u0131 Bakan\u0131 Abdulkadir Uralo\u011flu, Bursa&#8217;daki orman yang\u0131n\u0131yla ilgili inceleme yapt\u0131. Yang\u0131n b\u00f6lgesinde sabah\u0131n erken saatlerine kadar s\u00fcren \u00e7al\u0131\u015fmalar\u0131 de\u011ferlendiren Uralo\u011flu, m\u00fcdahalenin s\u00fcrekli oldu\u011funu ve r\u00fczgar\u0131n durumunu yak\u0131ndan takip&hellip;<\/p>\n","protected":false},"author":0,"featured_media":219318,"comment_status":"open","ping_status":"open","sticky":false,"template":"","format":"standard","meta":{"footnotes":""},"categories":[4200],"tags":[],"class_list":["post-219317","post","type-post","status-publish","format-standard","has-post-thumbnail","hentry","category-guncel-haberler"],"_links":{"self":[{"href":"https:\/\/tarimhaber.com\/index.php?rest_route=\/wp\/v2\/posts\/219317","targetHints":{"allow":["GET"]}}],"collection":[{"href":"https:\/\/tarimhaber.com\/index.php?rest_route=\/wp\/v2\/posts"}],"about":[{"href":"https:\/\/tarimhaber.com\/index.php?rest_route=\/wp\/v2\/types\/post"}],"replies":[{"embeddable":true,"href":"https:\/\/tarimhaber.com\/index.php?rest_route=%2Fwp%2Fv2%2Fcomments&post=219317"}],"version-history":[{"count":0,"href":"https:\/\/tarimhaber.com\/index.php?rest_route=\/wp\/v2\/posts\/219317\/revisions"}],"wp:featuredmedia":[{"embeddable":true,"href":"https:\/\/tarimhaber.com\/index.php?rest_route=\/wp\/v2\/media\/219318"}],"wp:attachment":[{"href":"https:\/\/tarimhaber.com\/index.php?rest_route=%2Fwp%2Fv2%2Fmedia&parent=219317"}],"wp:term":[{"taxonomy":"category","embeddable":true,"href":"https:\/\/tarimhaber.com\/index.php?rest_route=%2Fwp%2Fv2%2Fcategories&post=219317"},{"taxonomy":"post_tag","embeddable":true,"href":"https:\/\/tarimhaber.com\/index.php?rest_route=%2Fwp%2Fv2%2Ftags&post=219317"}],"curies":[{"name":"wp","href":"https:\/\/api.w.org\/{rel}","templated":true}]}}